{"id":545081,"date":"2025-11-02T10:49:27","date_gmt":"2025-11-02T10:49:27","guid":{"rendered":"https:\/\/www.europesays.com\/de\/545081\/"},"modified":"2025-11-02T10:49:27","modified_gmt":"2025-11-02T10:49:27","slug":"seniorin-stirbt-nach-unfall-autofahrer-fluechtet","status":"publish","type":"post","link":"https:\/\/www.europesays.com\/de\/545081\/","title":{"rendered":"Seniorin stirbt nach Unfall \u2013 Autofahrer fl\u00fcchtet"},"content":{"rendered":"<p>Sie wollte Stra\u00dfe \u00fcberqueren <\/p>\n<p>Seniorin stirbt nach Unfall \u2013 Autofahrer fl\u00fcchtet<\/p>\n<p>02.11.2025 &#8211; 10:28 UhrLesedauer: 1 Min.<\/p>\n<p><a href=\"#focus-0\" class=\"transition-colors duration-200 block text-current relative\" data-sctrack=\"FocusGalleryImage.Reference\"><img fetchpriority=\"high\" data-testid=\"Opener.Image\" style=\"--lqipURL:url('https:\/\/images.t-online.de\/2025\/11\/1seX9GiyZtPD\/0x209:4000x2250\/fit-in\/150x0\/filters:blur(25)\/rettungsdienst-der-feuerwehr-hamburg-archivbild-eine-seniorin-wurde-von-einem-auto-erfasst.jpg')\"   loading=\"eager\" src=\"https:\/\/www.europesays.com\/de\/wp-content\/uploads\/2025\/11\/rettungsdienst-der-feuerwehr-hamburg-archivbild-eine-seniorin-wurde-von-einem-auto-erfasst.jpg\" alt=\"Rettungsdienst der Feuerwehr Hamburg (Archivbild): Eine Seniorin wurde von einem Auto erfasst.\" title=\"Rettungsdienst der Feuerwehr Hamburg (Archivbild): Eine Seniorin wurde von einem Auto erfasst.\" width=\"4000\" height=\"2250\" class=\"bg-[url:var(--lqipURL)] bg-cover bg-center flex h-full w-full max-w-full\" decoding=\"async\"\/><img style=\"--width:32;--height:32\" loading=\"lazy\" src=\"https:\/\/hamburg.t-online.de\/s\/paper\/_next\/static\/media\/zoom-in.f7dae02f.svg\" alt=\"Vergr\u00f6\u00dfern des Bildes\" title=\"Vergr\u00f6\u00dfern des Bildes\" class=\"block h-[calc(var(--height)_\/_16_*_1rem)] w-[calc(var(--width)_\/_16_*_1rem)] max-w-none absolute bottom-8 right-8 rounded-4 bg-snow p-8\" decoding=\"async\"\/><\/a><\/p>\n<p>Rettungsdienst der Feuerwehr Hamburg (Archivbild): Eine Seniorin wurde von einem Auto erfasst. (Quelle: IMAGO\/foto-leipzig.de)<\/p>\n<p class=\"font-bold text-18 leading-17\">Eine Seniorin will eine Stra\u00dfe in Hamburg \u00fcberqueren und wird dabei von einem Auto erfasst \u2013 der Fahrer fl\u00fcchtet. Am Abend stellen sich zwei Personen.<\/p>\n<p class=\"text-18 leading-17\">Eine 91 Jahre alte Fu\u00dfg\u00e4ngerin ist in Hamburg von einem Auto erfasst worden und sp\u00e4ter im Krankenhaus an ihren schweren Verletzungen gestorben.<\/p>\n<p class=\"text-18 leading-17\">Die Seniorin \u00fcberquerte am Samstagnachmittag eine vierspurige Stra\u00dfe, als ein Wagen sie frontal erfasste. Ein Polizeisprecher teilte mit, dass die Frau mit lebensgef\u00e4hrlichen Verletzungen in ein Krankenhaus kam. Dort starb sie am Samstagabend.<\/p>\n<p class=\"text-18 leading-17\">Nach dem Unfall fl\u00fcchtete der Fahrer zun\u00e4chst vom Unfallort. Am Samstagabend stellten sich die Verantwortlichen bei der Polizei. Zum Unfallzeitpunkt befanden sich ein 24-j\u00e4hriger Mann und eine 23-j\u00e4hrige Frau im Fahrzeug.<\/p>\n<p class=\"text-18 leading-17\">Die Polizei ermittelt nun, wer das Auto zum Unfallzeitpunkt steuerte und wie es zu dem Zusammensto\u00df kam.<\/p>\n","protected":false},"excerpt":{"rendered":"Sie wollte Stra\u00dfe \u00fcberqueren Seniorin stirbt nach Unfall \u2013 Autofahrer fl\u00fcchtet 02.11.2025 &#8211; 10:28 UhrLesedauer: 1 Min. Rettungsdienst&hellip;\n","protected":false},"author":2,"featured_media":545082,"comment_status":"","ping_status":"","sticky":false,"template":"","format":"standard","meta":{"footnotes":""},"categories":[1826],"tags":[722,17161,513,29,985,30,692,121,1284],"class_list":{"0":"post-545081","1":"post","2":"type-post","3":"status-publish","4":"format-standard","5":"has-post-thumbnail","7":"category-hamburg","8":"tag-722","9":"tag-17161","10":"tag-auto","11":"tag-deutschland","12":"tag-feuerwehr","13":"tag-germany","14":"tag-hamburg","15":"tag-polizei","16":"tag-unfall"},"share_on_mastodon":{"url":"https:\/\/pubeurope.com\/@de\/115479718493389822","error":""},"_links":{"self":[{"href":"https:\/\/www.europesays.com\/de\/wp-json\/wp\/v2\/posts\/545081","targetHints":{"allow":["GET"]}}],"collection":[{"href":"https:\/\/www.europesays.com\/de\/wp-json\/wp\/v2\/posts"}],"about":[{"href":"https:\/\/www.europesays.com\/de\/wp-json\/wp\/v2\/types\/post"}],"author":[{"embeddable":true,"href":"https:\/\/www.europesays.com\/de\/wp-json\/wp\/v2\/users\/2"}],"replies":[{"embeddable":true,"href":"https:\/\/www.europesays.com\/de\/wp-json\/wp\/v2\/comments?post=545081"}],"version-history":[{"count":0,"href":"https:\/\/www.europesays.com\/de\/wp-json\/wp\/v2\/posts\/545081\/revisions"}],"wp:featuredmedia":[{"embeddable":true,"href":"https:\/\/www.europesays.com\/de\/wp-json\/wp\/v2\/media\/545082"}],"wp:attachment":[{"href":"https:\/\/www.europesays.com\/de\/wp-json\/wp\/v2\/media?parent=545081"}],"wp:term":[{"taxonomy":"category","embeddable":true,"href":"https:\/\/www.europesays.com\/de\/wp-json\/wp\/v2\/categories?post=545081"},{"taxonomy":"post_tag","embeddable":true,"href":"https:\/\/www.europesays.com\/de\/wp-json\/wp\/v2\/tags?post=545081"}],"curies":[{"name":"wp","href":"https:\/\/api.w.org\/{rel}","templated":true}]}}