{"id":546000,"date":"2025-11-02T19:25:13","date_gmt":"2025-11-02T19:25:13","guid":{"rendered":"https:\/\/www.europesays.com\/de\/546000\/"},"modified":"2025-11-02T19:25:13","modified_gmt":"2025-11-02T19:25:13","slug":"wie-eine-siegener-firma-merkel-und-obama-begeisterte","status":"publish","type":"post","link":"https:\/\/www.europesays.com\/de\/546000\/","title":{"rendered":"Wie eine Siegener Firma Merkel und Obama begeisterte"},"content":{"rendered":"<p class=\"text-18 leading-17\">PMD Technologies hat keine eigene Fertigung, vertreibt damit im Gegensatz zu anderen Unternehmen keine eigenen Produkte, die in diversen M\u00e4rkten eingesetzt werden k\u00f6nnen. &#8222;Somit sind wir nicht gebunden an einen Produkthersteller&#8220;, sagt Buxbaum. PMD Technologies ist seit 2024 Tochterunternehmen von IFM und kooperiert insbesondere im Industriebereich in der 3D-Sensorsparte mit dem Essener Konzern. IFM entwickelt, produziert und vertreibt Sensoren, Steuerungen, <a class=\"transition-colors duration-200 cursor-pointer text-inherit no-underline text-salemsfur md:hover:text-magenta md:hover:border-magenta md:focus:text-magenta border-current border-b border-solid break-words\" href=\"https:\/\/www.t-online.de\/finanzen\/boerse\/aktien\/software-aktie\/de000a2gs401\/\" data-sctrack=\"BodyAnchor\" target=\"_blank\" rel=\"noopener\">Software<\/a> und Systeme f\u00fcr die industrielle Automatisierung in mehr als 145 L\u00e4ndern.<\/p>\n<p><img style=\"--width:42;--height:32\" loading=\"lazy\" src=\"https:\/\/www.t-online.de\/s\/paper\/_next\/static\/media\/quotationmark.8b94917b.svg\" alt=\"Anf\u00fchrungszeichen\" title=\"Anf\u00fchrungszeichen\" class=\"block h-[calc(var(--height)_\/_16_*_1rem)] w-[calc(var(--width)_\/_16_*_1rem)] max-w-none mx-12 md:w-[41px]\" decoding=\"async\"\/><\/p>\n<p class=\"py-24 text-22 text-salemsfur\">Unsere Technologie stellt die besten Augen f\u00fcr eine K\u00fcnstliche Intelligenz dar.<\/p>\n<p class=\"tracking-wider pb-24 pt-12 text-16 uppercase leading-17 text-manatee\">Bernd BUxbaum<\/p>\n<p class=\"text-18 leading-17\">Der Mutterkonzern IFM erzielte im vergangenen Jahr einen Erl\u00f6s von 1,37 Milliarden Euro und damit knapp drei Prozent weniger als im Vorjahr. Als Grund nennt IFM-Vorstand Christoph von Rosenberg in einer Mitteilung die angespannte wirtschaftliche Situation im Heimmarkt Deutschland. Als Tochterunternehmen ist PMD Technologies an mehreren Produktgruppen des Essener Konzerns beteiligt. Der Umsatz ist laut Gesch\u00e4ftsf\u00fchrer Bernd Buxbaum in diesem Jahr insgesamt &#8222;sehr gut&#8220; gewachsen. Er rechnet damit, dass sie in diesem Jahr noch den 30-millionsten PMD-Chip verkaufen werden. &#8222;Das zeigt ganz klar: Das Gesch\u00e4ft ist etabliert und entwickelt sich weiter gut&#8220;, sagt Buxbaum. Genauere Angaben zum Umsatz macht er allerdings nicht: Wettbewerber sollen keine R\u00fcckschl\u00fcsse auf St\u00fcckzahlen oder Technologieeinsatz ziehen k\u00f6nnen.<\/p>\n<p class=\"text-18 leading-17\">Auch die Chipbranche leidet unter den Herausforderungen unserer Zeit. Geopolitische Unsicherheiten, sinkende globale Nachfrage und neue US-Importz\u00f6lle setzen viele Hersteller unter Druck. Hinzu kommen Fachkr\u00e4ftemangel und Unsicherheiten in der <a class=\"transition-colors duration-200 cursor-pointer text-inherit no-underline text-salemsfur md:hover:text-magenta md:hover:border-magenta md:focus:text-magenta border-current border-b border-solid break-words\" href=\"https:\/\/www.t-online.de\/themen\/automobilindustrie\/\" data-sctrack=\"BodyAnchor\" target=\"_blank\" rel=\"noopener\">Automobilindustrie<\/a>, die f\u00fcr zahlreiche Sensorhersteller als Zulieferer dieser Branche ein wichtiger Absatzmarkt sind. Auch von der seit Juli geltenden Zoll-Obergrenze von 15 Prozent auf EU-Exporte in die USA sind Sensorikhersteller betroffen.<\/p>\n<p class=\"text-18 leading-17\">Rund 69 Prozent der AMA-Mitglieder beliefern Nordamerika, fast ein F\u00fcnftel (18 Prozent) ihres Umsatzes entf\u00e4llt auf den Markt. Das f\u00fchrt zu h\u00f6heren Kosten und zunehmendem Margendruck. Einige Unternehmen reagieren laut AMA mit Investitionsverschiebungen oder pr\u00fcfen alternative Absatzm\u00e4rkte. Wie stark die Handelshemmnisse langfristig wirken, l\u00e4sst sich laut dem Verband derzeit noch nicht absch\u00e4tzen.<\/p>\n<p class=\"text-18 leading-17\">Einen direkten Effekt des Handelskonflikts zwischen den USA und der EU sp\u00fcrt PMD-Gesch\u00e4ftsf\u00fchrer Buxbaum bislang nicht. Die aktuellen US-Handelsz\u00f6lle seien &#8222;problematisch&#8220;, doch Buxbaum ist optimistisch: &#8222;Die Flexibilit\u00e4t unserer L\u00f6sungen in technischer und auch kommerzieller Hinsicht hilft uns, uns hier immer wieder neu zu orientieren.&#8220; Der schwache Dollar und allgemeine Marktunsicherheit seien hingegen deutlich sp\u00fcrbar, der internationale Handel herausfordernder als zuvor, das Klima angespannter.<\/p>\n","protected":false},"excerpt":{"rendered":"PMD Technologies hat keine eigene Fertigung, vertreibt damit im Gegensatz zu anderen Unternehmen keine eigenen Produkte, die in&hellip;\n","protected":false},"author":2,"featured_media":546001,"comment_status":"","ping_status":"","sticky":false,"template":"","format":"standard","meta":{"footnotes":""},"categories":[134],"tags":[326,7015,1624,513,7102,133011,175,227,170,169,29,1418,663,30,8194,31541,46,3846,23442,3523,671,171,174,47,453,210,133012,22922,17072,769,5162,173,172,64],"class_list":{"0":"post-546000","1":"post","2":"type-post","3":"status-publish","4":"format-standard","5":"has-post-thumbnail","7":"category-unternehmen-maerkte","8":"tag-326","9":"tag-angela-merkel","10":"tag-asien","11":"tag-auto","12":"tag-barack-obama","13":"tag-bernd-buxbaum","14":"tag-business","15":"tag-china","16":"tag-companies","17":"tag-companies-markets","18":"tag-deutschland","19":"tag-eifel","20":"tag-europa","21":"tag-germany","22":"tag-google-inc","23":"tag-guardian-media-group","24":"tag-hannover","25":"tag-hannover-messe","26":"tag-helikopter","27":"tag-kamera","28":"tag-ki","29":"tag-markets","30":"tag-maerkte","31":"tag-messe","32":"tag-new-york-times","33":"tag-nordamerika","34":"tag-rudolf-schwarte","35":"tag-sensor","36":"tag-siegen","37":"tag-smartphone","38":"tag-universitaet","39":"tag-unternehmen","40":"tag-unternehmen-maerkte","41":"tag-usa"},"share_on_mastodon":{"url":"https:\/\/pubeurope.com\/@de\/115481748016049773","error":""},"_links":{"self":[{"href":"https:\/\/www.europesays.com\/de\/wp-json\/wp\/v2\/posts\/546000","targetHints":{"allow":["GET"]}}],"collection":[{"href":"https:\/\/www.europesays.com\/de\/wp-json\/wp\/v2\/posts"}],"about":[{"href":"https:\/\/www.europesays.com\/de\/wp-json\/wp\/v2\/types\/post"}],"author":[{"embeddable":true,"href":"https:\/\/www.europesays.com\/de\/wp-json\/wp\/v2\/users\/2"}],"replies":[{"embeddable":true,"href":"https:\/\/www.europesays.com\/de\/wp-json\/wp\/v2\/comments?post=546000"}],"version-history":[{"count":0,"href":"https:\/\/www.europesays.com\/de\/wp-json\/wp\/v2\/posts\/546000\/revisions"}],"wp:featuredmedia":[{"embeddable":true,"href":"https:\/\/www.europesays.com\/de\/wp-json\/wp\/v2\/media\/546001"}],"wp:attachment":[{"href":"https:\/\/www.europesays.com\/de\/wp-json\/wp\/v2\/media?parent=546000"}],"wp:term":[{"taxonomy":"category","embeddable":true,"href":"https:\/\/www.europesays.com\/de\/wp-json\/wp\/v2\/categories?post=546000"},{"taxonomy":"post_tag","embeddable":true,"href":"https:\/\/www.europesays.com\/de\/wp-json\/wp\/v2\/tags?post=546000"}],"curies":[{"name":"wp","href":"https:\/\/api.w.org\/{rel}","templated":true}]}}