{"id":546062,"date":"2025-11-02T19:59:11","date_gmt":"2025-11-02T19:59:11","guid":{"rendered":"https:\/\/www.europesays.com\/de\/546062\/"},"modified":"2025-11-02T19:59:11","modified_gmt":"2025-11-02T19:59:11","slug":"deutschland-startet-digitale-staatsreform-mit-eudi-wallet","status":"publish","type":"post","link":"https:\/\/www.europesays.com\/de\/546062\/","title":{"rendered":"Deutschland startet digitale Staatsreform mit EUDI-Wallet"},"content":{"rendered":"<p>Das neue Bundesministerium f\u00fcr Digitales und Staatsmodernisierung will mit einer gro\u00dfangelegten Initiative das Vertrauen der B\u00fcrger in digitale Beh\u00f6rdeng\u00e4nge zur\u00fcckgewinnen. Die vergangene Woche vorgestellten Ma\u00dfnahmen setzen auf eine sichere digitale Identit\u00e4t, versch\u00e4rfte Datenschutzregeln und den europ\u00e4ischen Digitalausweis.<\/p>\n<p>Der Zeitpunkt ist bewusst gew\u00e4hlt: Deutschland hinkt bei der Digitalisierung seiner Verwaltung hinterher \u2013 vor allem wegen Sicherheitsbedenken der B\u00fcrger und komplizierter Bedienung. Bis zum Europ\u00e4ischen Digital-Souver\u00e4nit\u00e4tsgipfel am 18. November soll nun Vertrauen aufgebaut werden. Denn angesichts zunehmender Cyberangriffe braucht das Land eine robuste digitale Infrastruktur.<\/p>\n<p>Im Zentrum der Strategie steht die europ\u00e4ische digitale Brieftasche (EUDI-Wallet). Seit dem 28. Oktober testet das Ministerium deren Integration in Deutschlands bestehendes BundID-System. Ziel: Alle digitalen Beh\u00f6rdendienste sollen k\u00fcnftig sicher und nahtlos funktionieren.<\/p>\n<p>Grundlage ist das EU-Pilotprojekt POTENTIAL, das im Oktober erfolgreich abgeschlossen wurde. Die Bundesdruckerei koordinierte dabei Tests f\u00fcr digitale F\u00fchrerscheine und E-Rezepte. Bis Ende 2026 soll das EUDI-Wallet-System vollst\u00e4ndig einsatzbereit sein \u2013 als einheitliche Plattform f\u00fcr B\u00fcrger, Unternehmen und Beh\u00f6rden.<\/p>\n<p>Bereits im Juli hatten deutsche Wirtschafts- und Gesellschaftsverb\u00e4nde die Regierung aufgefordert, aus den Fehlern der schleppenden eID-Einf\u00fchrung zu lernen. Die neue Wallet soll es besser machen.<\/p>\n<p>29.500 Unternehmen m\u00fcssen Cybersicherheit verst\u00e4rken<\/p>\n<p>Vertrauen entsteht nur durch Sicherheit \u2013 deshalb versch\u00e4rft Berlin seine Cyberstrategie drastisch. Die Umsetzung der EU-Richtlinie NIS-2 verpflichtet rund 29.500 deutsche Unternehmen zu strengeren Sicherheitsma\u00dfnahmen und Meldepflichten bei Vorf\u00e4llen.<\/p>\n<p>Das Bundesamt f\u00fcr Sicherheit in der Informationstechnik (BSI) wird zur zentralen Koordinierungsstelle zwischen Bund und L\u00e4ndern ausgebaut. Angesichts anhaltender Cyberattacken auf kritische Infrastrukturen setzt die Regierung auf einen gesamtgesellschaftlichen Ansatz.<\/p>\n<p>Am 29. Oktober verabschiedete das Kabinett zus\u00e4tzlich das Datengesetz \u2013 f\u00fcr eine innovationsfreundliche Datenwirtschaft nach europ\u00e4ischen Standards.<br \/>Anzeige: \u00dcbrigens: Wer sich angesichts steigender Cyberangriffe auch privat besser sch\u00fctzen m\u00f6chte \u2013 besonders wenn k\u00fcnftige Ausweise und Beh\u00f6rdeng\u00e4nge per Smartphone laufen \u2013, sollte sein Android-Ger\u00e4t absichern. Der kostenlose Ratgeber zeigt die 5 wichtigsten Schutzma\u00dfnahmen mit leicht verst\u00e4ndlichen Schritt-f\u00fcr-Schritt-Anleitungen und hilft, WhatsApp, Online-Shopping, PayPal und Online-Banking zuverl\u00e4ssig vor Datendieben und Schadsoftware zu sch\u00fctzen. <strong><a href=\"https:\/\/www.info.computerwissen-online.com\/android\/5-schutzmassnahmen-fuer-android-smartphone\/?af=KOOP_CW_DL_DNV_YES_5-SCHUTZMASSNAHMEN-SMARTPHONE_X-CWAHN-BGPID_665581\" style=\"color:#337ab7!important;font-weight:bold;text-decoration:underline\" target=\"_blank\" rel=\"noopener\">Jetzt kostenloses Android-Sicherheitspaket sichern<\/a><\/strong><\/p>\n<p>Digitale Passbilder werden ab Mai Pflicht<\/p>\n<p>Konkrete Verbesserungen sollen die B\u00fcrger schon bald sp\u00fcren: Ab 1. Mai 2025 sind bei Pass- und Ausweisantr\u00e4gen nur noch digitale biometrische Fotos erlaubt. Das erh\u00f6ht die Sicherheit und vereinfacht den Prozess \u2013 Fotos k\u00f6nnen von zertifizierten Fotografen oder direkt in Beh\u00f6rden digital \u00fcbertragen werden.<\/p>\n<p>Praktisch f\u00fcr die B\u00fcrger: Die neuen Dokumente kommen per Post nach Hause, mehrfache Beh\u00f6rdeng\u00e4nge entfallen.<\/p>\n<p>Diese \u00c4nderungen sind Teil eines Zehn-Punkte-Plans, den das Ministerium am 30. Oktober vorstellte. Weniger B\u00fcrokratie, geringere Belastung f\u00fcr Unternehmen \u2013 so soll Deutschland digital wettbewerbsf\u00e4higer werden.<\/p>\n<p>Gipfeltreffen soll europ\u00e4ische Souver\u00e4nit\u00e4t st\u00e4rken<\/p>\n<p>Der Weg zu einem digitalen Deutschland bleibt herausfordernd. IT-Fachkr\u00e4fte fehlen, die Akzeptanz in der Bev\u00f6lkerung muss noch wachsen. Beim Digital-Souver\u00e4nit\u00e4tsgipfel am 18. November wollen Deutschland und Frankreich ihre Zusammenarbeit vertiefen.<\/p>\n<p>Der Erfolg h\u00e4ngt davon ab, ob die Regierung ein digitales \u00d6kosystem schafft, das sicher, effizient und b\u00fcrgernah ist. 2026 wird das Praxisjahr \u2013 dann soll die EUDI-Wallet fl\u00e4chendeckend starten und Europas digitale Souver\u00e4nit\u00e4t st\u00e4rken.<\/p>\n","protected":false},"excerpt":{"rendered":"Das neue Bundesministerium f\u00fcr Digitales und Staatsmodernisierung will mit einer gro\u00dfangelegten Initiative das Vertrauen der B\u00fcrger in digitale&hellip;\n","protected":false},"author":2,"featured_media":546063,"comment_status":"","ping_status":"","sticky":false,"template":"","format":"standard","meta":{"footnotes":""},"categories":[2],"tags":[331,3924,332,3922,133030,3364,29,123863,30,13,14,3923,15,3921,12,133029],"class_list":{"0":"post-546062","1":"post","2":"type-post","3":"status-publish","4":"format-standard","5":"has-post-thumbnail","7":"category-deutschland","8":"tag-aktuelle-nachrichten","9":"tag-aktuelle-nachrichten-aus-deutschland","10":"tag-aktuelle-news","11":"tag-aktuelle-news-aus-deutschland","12":"tag-bundid","13":"tag-de","14":"tag-deutschland","15":"tag-eudi-wallet","16":"tag-germany","17":"tag-headlines","18":"tag-nachrichten","19":"tag-nachrichten-aus-deutschland","20":"tag-news","21":"tag-news-aus-deutschland","22":"tag-schlagzeilen","23":"tag-staatsreform"},"share_on_mastodon":{"url":"https:\/\/pubeurope.com\/@de\/115481881231631483","error":""},"_links":{"self":[{"href":"https:\/\/www.europesays.com\/de\/wp-json\/wp\/v2\/posts\/546062","targetHints":{"allow":["GET"]}}],"collection":[{"href":"https:\/\/www.europesays.com\/de\/wp-json\/wp\/v2\/posts"}],"about":[{"href":"https:\/\/www.europesays.com\/de\/wp-json\/wp\/v2\/types\/post"}],"author":[{"embeddable":true,"href":"https:\/\/www.europesays.com\/de\/wp-json\/wp\/v2\/users\/2"}],"replies":[{"embeddable":true,"href":"https:\/\/www.europesays.com\/de\/wp-json\/wp\/v2\/comments?post=546062"}],"version-history":[{"count":0,"href":"https:\/\/www.europesays.com\/de\/wp-json\/wp\/v2\/posts\/546062\/revisions"}],"wp:featuredmedia":[{"embeddable":true,"href":"https:\/\/www.europesays.com\/de\/wp-json\/wp\/v2\/media\/546063"}],"wp:attachment":[{"href":"https:\/\/www.europesays.com\/de\/wp-json\/wp\/v2\/media?parent=546062"}],"wp:term":[{"taxonomy":"category","embeddable":true,"href":"https:\/\/www.europesays.com\/de\/wp-json\/wp\/v2\/categories?post=546062"},{"taxonomy":"post_tag","embeddable":true,"href":"https:\/\/www.europesays.com\/de\/wp-json\/wp\/v2\/tags?post=546062"}],"curies":[{"name":"wp","href":"https:\/\/api.w.org\/{rel}","templated":true}]}}