{"id":546100,"date":"2025-11-02T20:23:30","date_gmt":"2025-11-02T20:23:30","guid":{"rendered":"https:\/\/www.europesays.com\/de\/546100\/"},"modified":"2025-11-02T20:23:30","modified_gmt":"2025-11-02T20:23:30","slug":"volleyball-bundesliga-allianz-mtv-stuttgart-bleibt-das-mass-aller-dinge","status":"publish","type":"post","link":"https:\/\/www.europesays.com\/de\/546100\/","title":{"rendered":"Volleyball-Bundesliga: Allianz MTV Stuttgart bleibt das Ma\u00df aller Dinge"},"content":{"rendered":"<p>\t\t\t\t\t\t\t\t\t\t\t\t\t\t\t\t\t\t\t\t\t\t\t\t\t\t\t\t      \t\t            \t\t             \t\t\t\t   \t\t\t\t\t   <img decoding=\"async\" id=\"article-image\" fetchpriority=\"high\" alt=\"Volleyball-Bundesliga: Allianz MTV Stuttgart bleibt das Ma\u00df aller Dinge\" title=\"Volleyball-Bundesliga: Allianz MTV Stuttgart bleibt das Ma\u00df aller Dinge\" src=\"https:\/\/www.europesays.com\/de\/wp-content\/uploads\/2025\/11\/media.media.deb3eed2-b80b-4d48-819d-4c64ef0477fa.16x9_700.jpg\" data-linkto=\"https:\/\/www.stuttgarter-nachrichten.de\/javascript:void(0);\"\/>\t\t\t\t\t\t\t\t\t\t\t\t\t\t\t\t\t\t\t\t\t\t\t\tLucia Varela mit einer starken Aufschlagserie\u00a0Foto: Baumann\/Hansj\u00fcrgen Britsch\t\t\t<\/p>\n<p>Die Stuttgarter Volleyballerinnen gewinnen auch das f\u00fcnfte Saisonspiel in Erfurt und sind Tabellenf\u00fchrer ohne Satzverlust.<\/p>\n<p>Vier Tage nach dem glanzvollen 3:0-Heimsieg im ersten H\u00e4rtetest gegen den Dresdner SC haben die Volleyball-Frauen von <a href=\"https:\/\/www.stuttgarter-nachrichten.de\/thema\/Allianz_MTV_Stuttgart\" title=\"Allianz MTV Stuttgart\" class=\"art_thema\" rel=\"nofollow noopener\" target=\"_blank\">Allianz MTV Stuttgart<\/a> auch die Ausw\u00e4rtsh\u00fcrde bei Schwarz-Wei\u00df Erfurt locker genommen. Nach nur 68 Minuten setzte sich die Mannschaft von Trainer Konstantin Bitter in der Erfurter Riethsporthalle erneut mit 3:0 (25:19, 25:17, 25:12) durch und <a href=\"https:\/\/www.stuttgarter-zeitung.de\/inhalt.allianz-mtv-stuttgart-volleyballerinnen-bestehen-ersten-haertetest.d540f13b-dab2-46bc-ba1e-1c6dcdda0138.html\" target=\"_blank\" rel=\"nofollow noopener\">bleibt nach dem f\u00fcnften Sieg im f\u00fcnften Saisonspiel ohne Punkt- und Satzverlust Tabellenf\u00fchrer<\/a>. Der Vorsprung vergr\u00f6\u00dferte sich sogar noch, da der h\u00e4rteste Verfolger Schwerin beim Dresdner SC mit 2:3 unterlag.<\/p>\n<p>\u201eDie Mannschaft war nach der langen Busfahrt von Beginn an fokussiert\u201c, zeigte sich Coach Bitter mit dem Auftritt seiner Mannschaft \u00fcberaus zufrieden. Denn von Beginn an setzte Allianz MTV die Erfurterinnen mit starken Aufschl\u00e4gen unter Druck. Nach einem 0:3 konnte Erfurt zun\u00e4chst noch zum 5:5 ausgleichen, doch dann sorgte Lucia Varela mit einer starken Aufschlagserie f\u00fcr einen vorentscheidenden 14:6-Vorsprung. <\/p>\n<p>Nur zu Beginn des zweiten Satzes hatte Stuttgart kleinere Probleme und lag mit 7:11 im R\u00fcckstand. \u201eDa haben wir in der Abwehr etwas wild agiert und ein paar Fehler zu viel gemacht\u201c, monierte Coach Bitter, der dann aber die passende Reaktion seiner Mannschaft sah: <a href=\"https:\/\/www.stuttgarter-zeitung.de\/inhalt.volleyball-bundesliga-mit-dieser-strategie-startet-allianz-mtv-stuttgart-in-die-zukunft.b0dfbf73-2f97-4798-872b-5055f123cf97.html\" target=\"_blank\" rel=\"nofollow noopener\">Diesmal war es Melani Shaffmaster, die das Team mit starken Aufschl\u00e4gen zur\u00fcck ins Spiel und am Ende zu sieben Satzb\u00e4llen f\u00fchrte.<\/a> Der dritte Durchgang war dann eine Machtdemonstration der G\u00e4ste, die nach einem 8:1-Start leichtes Spiel hatten. Diesmal stach Au\u00dfenangreiferin Mikala Mogensen mit einigen starken Aktionen hervor, Coach Bitter konnte fast allen Spielerinnen aus dem Kader Einsatzzeit geben. <\/p>\n","protected":false},"excerpt":{"rendered":"Lucia Varela mit einer starken Aufschlagserie\u00a0Foto: Baumann\/Hansj\u00fcrgen Britsch Die Stuttgarter Volleyballerinnen gewinnen auch das f\u00fcnfte Saisonspiel in Erfurt&hellip;\n","protected":false},"author":2,"featured_media":546101,"comment_status":"","ping_status":"","sticky":false,"template":"","format":"standard","meta":{"footnotes":""},"categories":[1830],"tags":[9637,1634,3364,29,30,9641,133031,7400,1441,19905],"class_list":{"0":"post-546100","1":"post","2":"type-post","3":"status-publish","4":"format-standard","5":"has-post-thumbnail","7":"category-stuttgart","8":"tag-allianz-mtv-stuttgart","9":"tag-baden-wuerttemberg","10":"tag-de","11":"tag-deutschland","12":"tag-germany","13":"tag-konstantin-bitter","14":"tag-schwarz-weiss-erfurt","15":"tag-sportmeldungen","16":"tag-stuttgart","17":"tag-volleyball-bundesliga"},"share_on_mastodon":{"url":"https:\/\/pubeurope.com\/@de\/115481976708364277","error":""},"_links":{"self":[{"href":"https:\/\/www.europesays.com\/de\/wp-json\/wp\/v2\/posts\/546100","targetHints":{"allow":["GET"]}}],"collection":[{"href":"https:\/\/www.europesays.com\/de\/wp-json\/wp\/v2\/posts"}],"about":[{"href":"https:\/\/www.europesays.com\/de\/wp-json\/wp\/v2\/types\/post"}],"author":[{"embeddable":true,"href":"https:\/\/www.europesays.com\/de\/wp-json\/wp\/v2\/users\/2"}],"replies":[{"embeddable":true,"href":"https:\/\/www.europesays.com\/de\/wp-json\/wp\/v2\/comments?post=546100"}],"version-history":[{"count":0,"href":"https:\/\/www.europesays.com\/de\/wp-json\/wp\/v2\/posts\/546100\/revisions"}],"wp:featuredmedia":[{"embeddable":true,"href":"https:\/\/www.europesays.com\/de\/wp-json\/wp\/v2\/media\/546101"}],"wp:attachment":[{"href":"https:\/\/www.europesays.com\/de\/wp-json\/wp\/v2\/media?parent=546100"}],"wp:term":[{"taxonomy":"category","embeddable":true,"href":"https:\/\/www.europesays.com\/de\/wp-json\/wp\/v2\/categories?post=546100"},{"taxonomy":"post_tag","embeddable":true,"href":"https:\/\/www.europesays.com\/de\/wp-json\/wp\/v2\/tags?post=546100"}],"curies":[{"name":"wp","href":"https:\/\/api.w.org\/{rel}","templated":true}]}}