{"id":546108,"date":"2025-11-02T20:28:14","date_gmt":"2025-11-02T20:28:14","guid":{"rendered":"https:\/\/www.europesays.com\/de\/546108\/"},"modified":"2025-11-02T20:28:14","modified_gmt":"2025-11-02T20:28:14","slug":"hamburger-sv-schiedsrichter-frust-nach-pleite-beim-1-fc-koeln-muss-aufpassen-was-ich-sage","status":"publish","type":"post","link":"https:\/\/www.europesays.com\/de\/546108\/","title":{"rendered":"Hamburger SV: Schiedsrichter-Frust nach Pleite beim 1. FC K\u00f6ln &#8222;Muss aufpassen, was ich sage&#8220;"},"content":{"rendered":"<p class=\"css-1q8kfuz\">Nach der 1:4-Pleite im Aufsteiger-Duell beim 1. FC K\u00f6ln herrscht Frust und \u00c4rger beim Hamburger SV &#8211; vor allem \u00fcber Schiedsrichter Daniel Schlager.<\/p>\n<p class=\"css-1cmglxz\">Von <a data-li-document-ref=\"311444\" href=\"https:\/\/www.ran.de\/sports\/mehr\/news\/christoph-gailer-autor-311444\" target=\"_blank\" rel=\"noopener\">Christoph Gailer<\/a><\/p>\n<p class=\"css-1cmglxz\">Der <a href=\"https:\/\/www.ran.de\/sports\/teams\/te943\/kader?from=%2Fsports%2Ffussball%2Fbundesliga%2Fteams\" target=\"_blank\" rel=\"noopener\">Hamburger SV<\/a> hat am Sonntagabend mit dem 1:4 (0:1) im Aufsteiger-Duell beim <a href=\"https:\/\/www.ran.de\/sports\/teams\/te9\/kader\" target=\"_blank\" rel=\"noopener\">1. FC K\u00f6ln<\/a> die dritte Niederlage in der <a href=\"https:\/\/www.ran.de\/sports\/fussball\/bundesliga\" target=\"_blank\" rel=\"noopener\">Bundesliga<\/a> in Folge kassiert.<\/p>\n<p class=\"css-1cmglxz\">Nach dem Schlusspfiff herrschte bei den Hanseaten vor allem auch Frust und \u00c4rger \u00fcber die Art und Weise der Pleite. Neben den drei Gegentoren, die Coach Merlin Polzin mitunter als &#8222;billig&#8220; bezeichnete, stand bei der Analyse des HSV vor allem Schiedsrichter Daniel Schlager im Mittelpunkt.<\/p>\n<p>Bundesliga und 2. Liga kostenlos auf Joyn<\/p>\n<p class=\"css-1cmglxz\">Der Unparteiische entschied im zweiten Durchgang zum Unverst\u00e4ndnis der G\u00e4ste gleich auf Gelb-Rot gegen die HSV-Stars <a href=\"https:\/\/www.ran.de\/sports\/spieler\/pe450791?from=\/sports\/teams\/te943\/kader\" target=\"_blank\" rel=\"noopener\">Immanuel Pherai<\/a> und <a href=\"https:\/\/www.ran.de\/sports\/spieler\/pe514679?from=\/sports\/teams\/te943\/kader\" target=\"_blank\" rel=\"noopener\">Fabio Vieira<\/a>. Zudem wurde auch ein vermeintliches HSV-Tor zum 1:2-Anschluss nach langem VAR-Check wegen eines Foulspiels aberkannt.<\/p>\n<p class=\"css-1cmglxz\">Kurios: Pherai wurde von Polzin erst in der 77. Minute eingewechselt &#8211; 120 Sekunden sp\u00e4ter war sein Arbeitstag infolge der Gelb-Roten Karte schon wieder zu Ende.<\/p>\n<p>Yussuf Poulsen kritisch: &#8222;Die zweite Gelbe Karte darf nicht passieren&#8220;<\/p>\n<p class=\"css-1cmglxz\">&#8222;Bei der ersten Gelb-Roten Karte rutscht Pherai aus, das kann mal passieren&#8220;, nahm HSV-Routinier Yussuf Poulsen bei &#8222;DAZN&#8220; seinen Mitspieler in Schutz. Der Platzverweis in der 83. Minute gegen Vieira erz\u00fcrnte den D\u00e4nen hingegen.<\/p>\n<p class=\"css-1cmglxz\">&#8222;Die zweite Gelb-Rote Karte gegen Fabio Vieira darf nicht passieren, man darf doch auch mit dem Schiri reden, man darf ansprechen, dass die K\u00f6lner Zeit von der Uhr nehmen. Das \u00e4rgert mich ein bisschen&#8220;, sagte Poulsen, &#8222;Fabio fragt den Schiedsrichter nur, warum sich Schw\u00e4be so viel Zeit nehmen darf und bekommt daf\u00fcr Gelb-Rot. Ich muss aufpassen, was ich sage, weil ich bin emotional&#8220;.<\/p>\n<p class=\"css-1cmglxz\">In dieselbe Kerbe schlug Polzin in seiner Analyse des Platzverweises gegen Arsenal-Leihspieler Vieira. &#8222;Das w\u00e4re nicht n\u00f6tig gewesen&#8220;, sagte der 34-J\u00e4hrige, &#8222;ich kann die Gelb-Rote Karte nicht nachvollziehen, weil am Ende geht es bei Fabio darum, dass den Schiedsrichter nur auf das K\u00f6lner Zeitspiel hingewiesen hat&#8220;.<\/p>\n<p>Dieser Inhalt stammt von externen Anbietern wie Facebook, Instagram oder Youtube. Aktiviere bitte Personalisierte Anzeigen und Inhalte sowie Anbieter au\u00dferhalb des CMP Standards, um diese Inhalte anzuzeigen.Privatsph\u00e4re-EinstellungenK\u00f6ln vs. HSV: So verteidigt sich Schiri Schlager<\/p>\n<p class=\"css-1cmglxz\">Schlager verteidigte sich, gab an, dass sein Team in Bezug auf die Kapit\u00e4nsregel &#8222;viel durchgehen&#8220; lassen habe. Die Regel besagt, dass ausschlie\u00dflich der Kapit\u00e4n mit dem Schiedsrichter diskutieren darf. Der Platzverweis sei also in Summe die Quittung f\u00fcr das Verhalten Veiras w\u00e4hrend des gesamten Spiels &#8211; weniger f\u00fcr den Einwand wegen Zeitspiels.<\/p>\n<p class=\"css-1cmglxz\">&#8222;Ich habe ihn darauf hingewiesen, dass er das bitte unterlassen soll. Ich habe das Spiel in der ersten Halbzeit bei einem Absto\u00df extra unterbrochen, bin zu ihm gegangen und habe gesagt, dass ich die Art und Weise nicht dulden werde&#8220;, so Schlager<\/p>\n<p>Schiedsrichter Daniel Schlager: Polzin fehlt Verh\u00e4ltnism\u00e4\u00dfigkeit<\/p>\n<p class=\"css-1cmglxz\">Auch zur Gelb-Roten Karte f\u00fcr seinen erst kurz zuvor eingewechselten Joker Pherai hat Polzin eine klare Meinung &#8211; und vor allem eine andere als die Unparteiischen.<\/p>\n<p class=\"css-1cmglxz\">&#8222;In der ersten Halbzeit gab es eine Szene, in der ein K\u00f6lner Spieler in einen unserer Spieler reinrutscht, weil er davor ausrutscht. Da ist das Argument, dass das deshalb keine Gelbe Karte ist&#8220;, sagte der Hamburger Aufstiegstrainer, &#8222;vergleicht man das mit der Gelb-Roten Karte f\u00fcr Pherai, ist die Verh\u00e4ltnism\u00e4\u00dfigkeit nicht gegeben. Das ist f\u00fcr uns extrem bitter&#8220;.<\/p>\n<p class=\"css-1cmglxz\">F\u00fcr Schiri Schlager wiederum gab es da nichts zu diskutieren. &#8222;Der Spieler geht mit hoher Intensit\u00e4t in den Zweikampf, spielt nicht den Ball und gr\u00e4tscht mit hohem Tempo in die Beine seines Gegenspielers&#8220;<\/p>\n<p>HSV-Anschlusstor aberkannt &#8211; Schiri Schlager erkl\u00e4rt sich<\/p>\n<p class=\"css-1cmglxz\">Neben den beiden Platzverweisen sorgte kurz nach der Pause beim Stand von 2:0 das vermeintliche HSV-Anschlusstor durch Vieira ebenfalls f\u00fcr lange Diskussionen bzw. einen minutenlangen VAR-Check. Die Komplexit\u00e4t rund um diese Szene, die letztlich mit einem Foulspiel von HSV-St\u00fcrmer Rayan Philippe an Eric Martel gewertet wurde, versuchte Schiedsrichter Daniel Schlager nach Schlusspfiff zu erl\u00e4utern.<\/p>\n<p class=\"css-1cmglxz\">&#8222;Ich habe das Tor anerkannt, aber nat\u00fcrlich gesehen, dass ein Spieler m\u00f6glicherweise im Sichtfeld des Torh\u00fcters stand. Das war auch das Erste, was wir auf dem Feld thematisiert hatten in der Kommunikation&#8220;, sagte der Unparteiische bei &#8222;DAZN&#8220;.<\/p>\n<p>FC St. Pauli: Lichtausfall auf PK! Alexander Blessin im Dunkeln<\/p>\n<p class=\"css-1cmglxz\">Doch die strittige Szene hatte viel mehr Facetten: &#8222;Die zweite Frage war dann, ob es am Mittelkreis ein Foulspiel gab von K\u00f6nigsd\u00f6rffer und dann auch im Strafraum im Kopfballduell zwischen Philippe und Martel. Deshalb hat es sehr lange gedauert. Aber bei uns geht Richtigkeit vor Schnelligkeit&#8220;.<\/p>\n<p class=\"css-1cmglxz\">Obwohl zun\u00e4chst die Kommunikation bez\u00fcglich einer m\u00f6glichen Abseitsstellung beim HSV-Tor stattfand, lief es am Ende auf das Foul von Philippe an Martel hinaus. &#8222;Der VAR hat mir dann klar signalisiert, dass er klare Bilder hat, die belegen, dass der Unterarm des Hamburger Spielers im Gesicht des K\u00f6lner ist \u2013 ich solle rausgehen und mir das anschauen&#8220;, erl\u00e4uterte Schlager.<\/p>\n<p class=\"css-1cmglxz\">So blieb die Bilanz am Ende f\u00fcr den HSV ern\u00fcchternd: Kein Tor, keine Punkte und zwei Platzverweise. Dennoch strich Poulsen einen positiven Aspekt heraus: &#8222;Wir haben auch mit neun Spielern Chancen rausgespielt, wir haben Herz und Seele reingelegt. Das ist das, was wir mitnehmen k\u00f6nnen.&#8220;<\/p>\n","protected":false},"excerpt":{"rendered":"Nach der 1:4-Pleite im Aufsteiger-Duell beim 1. FC K\u00f6ln herrscht Frust und \u00c4rger beim Hamburger SV &#8211; vor&hellip;\n","protected":false},"author":2,"featured_media":546109,"comment_status":"","ping_status":"","sticky":false,"template":"","format":"standard","meta":{"footnotes":""},"categories":[1828],"tags":[623,299,16551,29,347,30,3150,1420,5074,1209,133032,34437,482,133033,8841],"class_list":{"0":"post-546108","1":"post","2":"type-post","3":"status-publish","4":"format-standard","5":"has-post-thumbnail","7":"category-koeln","8":"tag-1-fc-koeln","9":"tag-bundesliga","10":"tag-daniel-schlager","11":"tag-deutschland","12":"tag-fussball","13":"tag-germany","14":"tag-hamburger-sv","15":"tag-koeln","16":"tag-merlin-polzin","17":"tag-nordrhein-westfalen","18":"tag-pherai","19":"tag-platzverweis","20":"tag-schiedsrichter","21":"tag-vieira","22":"tag-yussuf-poulsen"},"share_on_mastodon":{"url":"https:\/\/pubeurope.com\/@de\/115481995408689461","error":""},"_links":{"self":[{"href":"https:\/\/www.europesays.com\/de\/wp-json\/wp\/v2\/posts\/546108","targetHints":{"allow":["GET"]}}],"collection":[{"href":"https:\/\/www.europesays.com\/de\/wp-json\/wp\/v2\/posts"}],"about":[{"href":"https:\/\/www.europesays.com\/de\/wp-json\/wp\/v2\/types\/post"}],"author":[{"embeddable":true,"href":"https:\/\/www.europesays.com\/de\/wp-json\/wp\/v2\/users\/2"}],"replies":[{"embeddable":true,"href":"https:\/\/www.europesays.com\/de\/wp-json\/wp\/v2\/comments?post=546108"}],"version-history":[{"count":0,"href":"https:\/\/www.europesays.com\/de\/wp-json\/wp\/v2\/posts\/546108\/revisions"}],"wp:featuredmedia":[{"embeddable":true,"href":"https:\/\/www.europesays.com\/de\/wp-json\/wp\/v2\/media\/546109"}],"wp:attachment":[{"href":"https:\/\/www.europesays.com\/de\/wp-json\/wp\/v2\/media?parent=546108"}],"wp:term":[{"taxonomy":"category","embeddable":true,"href":"https:\/\/www.europesays.com\/de\/wp-json\/wp\/v2\/categories?post=546108"},{"taxonomy":"post_tag","embeddable":true,"href":"https:\/\/www.europesays.com\/de\/wp-json\/wp\/v2\/tags?post=546108"}],"curies":[{"name":"wp","href":"https:\/\/api.w.org\/{rel}","templated":true}]}}