{"id":546116,"date":"2025-11-02T20:35:14","date_gmt":"2025-11-02T20:35:14","guid":{"rendered":"https:\/\/www.europesays.com\/de\/546116\/"},"modified":"2025-11-02T20:35:14","modified_gmt":"2025-11-02T20:35:14","slug":"hamburger-sv-ii-vfb-luebeck-kann-hamburg-den-vormarsch-fortsetzen-regionalliga-nord","status":"publish","type":"post","link":"https:\/\/www.europesays.com\/de\/546116\/","title":{"rendered":"Hamburger SV II &#8211; VfB L\u00fcbeck: Kann Hamburg den Vormarsch fortsetzen? &#8211; Regionalliga Nord"},"content":{"rendered":"<p>Nach sieben sieglosen Ligaspielen in Serie will der VfB L\u00fcbeck gegen die Reserve von Hamburger SV dem Negativtrend ein Ende setzen und wieder die volle Punktezahl einfahren.<\/p>\n<p class=\"is-first-paragraph\" data-external=\"Article.FirstParagraph\">Hamburg siegte im letzten Spiel gegen den Blau-Wei\u00df Lohne mit 1:0 und belegt mit 14 Punkten den 15. Tabellenplatz. Zwar blieb L\u00fcbeck nun seit sieben Partien ohne Sieg, aber gegen den SC Weiche Flensburg 08 trennte man sich zuletzt wenigstens mit einem 2:2-Remis.<\/p>\n<p>Daheim hat die U21 des HSV die Form noch nicht gefunden: Die f\u00fcnf Punkte aus sechs Partien sind eine verbesserungsw\u00fcrdige Bilanz. Mit erst 21 erzielten Toren haben die Gastgeber im Angriff Nachholbedarf. Hamburger SV II holte aus den bisherigen Partien vier Siege, zwei Remis und acht Niederlagen. Der Ertrag der letzten Spiele ist grundsolide \u2013 zehn Punkte aus den letzten f\u00fcnf Partien holte Hamburg.<\/p>\n<p>Auf fremdem Terrain reklamierte der VfB erst sechs Z\u00e4hler f\u00fcr sich. Die Saison der G\u00e4ste verl\u00e4uft bisher durchschnittlich: Insgesamt hat der VfB L\u00fcbeck f\u00fcnf Siege, drei Unentschieden und sieben Niederlagen verbucht. L\u00fcbeck verlor mit den letzten Spielen etwas an Boden. Zwar steht man noch immer im Mittelfeld der Tabelle, doch sammelte man in den vorherigen f\u00fcnf Begegnungen nur drei Punkte ein.<\/p>\n<p>Im Klassement liegen beide Teams dicht beieinander. Lediglich vier Punkte machen den Unterschied aus.<\/p>\n<p>Die U21 des HSV oder der VfB? Wer am Ende als Sieger dasteht, ist aufgrund des \u00e4hnlichen Leistungsverm\u00f6gens kaum vorhersagbar.<\/p>\n<p><b>Dieser Artikel wurde automatisch von unserem Partner Retresco anhand von Spieldaten erstellt.<\/b><\/p>\n<p>FUSSBALL.DE<\/p>\n","protected":false},"excerpt":{"rendered":"Nach sieben sieglosen Ligaspielen in Serie will der VfB L\u00fcbeck gegen die Reserve von Hamburger SV dem Negativtrend&hellip;\n","protected":false},"author":2,"featured_media":546117,"comment_status":"","ping_status":"","sticky":false,"template":"","format":"standard","meta":{"footnotes":""},"categories":[1826],"tags":[29,30,692,3694],"class_list":{"0":"post-546116","1":"post","2":"type-post","3":"status-publish","4":"format-standard","5":"has-post-thumbnail","7":"category-hamburg","8":"tag-deutschland","9":"tag-germany","10":"tag-hamburg","11":"tag-textengine"},"share_on_mastodon":{"url":"https:\/\/pubeurope.com\/@de\/115482022703858079","error":""},"_links":{"self":[{"href":"https:\/\/www.europesays.com\/de\/wp-json\/wp\/v2\/posts\/546116","targetHints":{"allow":["GET"]}}],"collection":[{"href":"https:\/\/www.europesays.com\/de\/wp-json\/wp\/v2\/posts"}],"about":[{"href":"https:\/\/www.europesays.com\/de\/wp-json\/wp\/v2\/types\/post"}],"author":[{"embeddable":true,"href":"https:\/\/www.europesays.com\/de\/wp-json\/wp\/v2\/users\/2"}],"replies":[{"embeddable":true,"href":"https:\/\/www.europesays.com\/de\/wp-json\/wp\/v2\/comments?post=546116"}],"version-history":[{"count":0,"href":"https:\/\/www.europesays.com\/de\/wp-json\/wp\/v2\/posts\/546116\/revisions"}],"wp:featuredmedia":[{"embeddable":true,"href":"https:\/\/www.europesays.com\/de\/wp-json\/wp\/v2\/media\/546117"}],"wp:attachment":[{"href":"https:\/\/www.europesays.com\/de\/wp-json\/wp\/v2\/media?parent=546116"}],"wp:term":[{"taxonomy":"category","embeddable":true,"href":"https:\/\/www.europesays.com\/de\/wp-json\/wp\/v2\/categories?post=546116"},{"taxonomy":"post_tag","embeddable":true,"href":"https:\/\/www.europesays.com\/de\/wp-json\/wp\/v2\/tags?post=546116"}],"curies":[{"name":"wp","href":"https:\/\/api.w.org\/{rel}","templated":true}]}}