{"id":546118,"date":"2025-11-02T20:36:14","date_gmt":"2025-11-02T20:36:14","guid":{"rendered":"https:\/\/www.europesays.com\/de\/546118\/"},"modified":"2025-11-02T20:36:14","modified_gmt":"2025-11-02T20:36:14","slug":"berlin-brandenburg-streit-um-spende-von-afd-politiker-geld-geht-nicht-zurueck","status":"publish","type":"post","link":"https:\/\/www.europesays.com\/de\/546118\/","title":{"rendered":"Berlin &#038; Brandenburg: Streit um Spende von AfD-Politiker: Geld geht nicht zur\u00fcck"},"content":{"rendered":"<p>                    Berlin &amp; Brandenburg<br \/>\n                Streit um Spende von AfD-Politiker: Geld geht nicht zur\u00fcck<\/p>\n<p>\t\t\t\t              02.11.2025, 19:28 Uhr<\/p>\n<p><strong>Im S\u00fcden Brandenburgs erregte die Spende eines AfD-Politikers f\u00fcr ein Stadtfest die Gem\u00fcter. Nach einer B\u00fcrgerbefragung steht fest: Die Spende soll nicht zur\u00fcck\u00fcberwiesen werden.<\/strong><\/p>\n<p>Gol\u00dfen (dpa\/bb) &#8211; Die Spende des AfD-Politikers Hans-Christoph Berndt f\u00fcr das Gol\u00dfener Stadtfest soll nicht zur\u00fcck\u00fcberwiesen werden. Bei einer B\u00fcrgerbefragung in Gol\u00dfen (Landkreis Dahme-Spreewald) sprachen sich rund 70 Prozent der B\u00fcrger gegen eine R\u00fcck\u00fcberweisung aus. Sie sollten dar\u00fcber abstimmen, ob die Spende an Berndt zur\u00fcck\u00fcberwiesen werden soll. Insgesamt nahmen mehr als 700 Gol\u00dfener an der Befragung teil. Das entspricht einer Wahlbeteiligung von rund einem Drittel.<\/p>\n<p>Der AfD-Fraktionschef im Brandenburger Landtag, der in der Kleinstadt in der Lausitz lebt, hatte eine finanzielle Spende f\u00fcr das Fest am 8. und 9. August beigesteuert und wurde daf\u00fcr &#8211; wie andere Spender auch &#8211; in einem Online-Flyer erw\u00e4hnt. Dagegen regte sich Protest, denn Berndt wird vom Verfassungsschutz als rechtsextrem eingestuft. Es entbrannte innerhalb der Kommune eine Debatte, wie nun zu verfahren sei.<\/p>\n<p>Berndt: &#8222;Kritik an meiner Spende erschreckend&#8220;\u00a0<\/p>\n<p>Berndt lie\u00df auf Anfrage mitteilen, dass aus seiner Sicht alles zu der Spende gesagt worden sei. &#8222;Ich habe als B\u00fcrger der Stadt f\u00fcr das Stadtfest gespendet. Rein privat&#8220;, sagte er der Deutschen Presse-Agentur vor einiger Zeit. Die Stadt leide unter Finanznot. &#8222;Ich finde die Kritik an meiner Spende erschreckend.&#8220; Er wies den Vorwurf zur\u00fcck, das Fest instrumentalisieren zu wollen.<\/p>\n<p>Die B\u00fcrgermeisterin von Gol\u00dfen, Andrea Schulz, hielt eine B\u00fcrgerbefragung wie am Sonntag f\u00fcr das geeignetste Mittel, das Problem zu beheben. &#8222;Es ist die beste L\u00f6sung, um einen Strich unter die Sache zu ziehen und zu schauen, was die B\u00fcrger wollen.&#8220; Es gebe keine Rechtsgrundlage daf\u00fcr, wie mit Spenden von Menschen zu verfahren sei, die vom Verfassungsschutz beobachtet w\u00fcrden. &#8222;Was aus der Einstufung resultiert, sagt uns keiner.&#8220; Es gebe kein Gesetz, dass Berndt verbiete, zu spenden.<\/p>\n<p>Die B\u00fcrgerbefragung gelte nur f\u00fcr die Spende Berndts f\u00fcr das zur\u00fcckliegende Stadtfest, f\u00fchrte Schulz aus. F\u00fcr die Zukunft soll eine Spendenrichtlinie erstellt werden. Dabei soll auch erm\u00f6glicht werden, solche Spenden zur\u00fcckzuweisen.&#8220;Das gilt f\u00fcr zuk\u00fcnftige Veranstaltungen und Spenden.&#8220;<\/p>\n","protected":false},"excerpt":{"rendered":"Berlin &amp; Brandenburg Streit um Spende von AfD-Politiker: Geld geht nicht zur\u00fcck 02.11.2025, 19:28 Uhr Im S\u00fcden Brandenburgs&hellip;\n","protected":false},"author":2,"featured_media":546119,"comment_status":"","ping_status":"","sticky":false,"template":"","format":"standard","meta":{"footnotes":""},"categories":[1816],"tags":[89806,1960,1958,1959,1957,296,1956,1890,29,666,30,11032,2127],"class_list":{"0":"post-546118","1":"post","2":"type-post","3":"status-publish","4":"format-standard","5":"has-post-thumbnail","7":"category-brandenburg","8":"tag-afd-politiker","9":"tag-aktuelle-nachrichten-aus-berlin-und-brandenburg","10":"tag-aktuelle-nachrichten-aus-brandenburg","11":"tag-aktuelle-news-aus-berlin-und-brandenburg","12":"tag-aktuelle-news-aus-brandenburg","13":"tag-berlin","14":"tag-berlin-und-brandenburg","15":"tag-brandenburg","16":"tag-deutschland","17":"tag-geld","18":"tag-germany","19":"tag-spende","20":"tag-streit"},"share_on_mastodon":{"url":"https:\/\/pubeurope.com\/@de\/115482026554719614","error":""},"_links":{"self":[{"href":"https:\/\/www.europesays.com\/de\/wp-json\/wp\/v2\/posts\/546118","targetHints":{"allow":["GET"]}}],"collection":[{"href":"https:\/\/www.europesays.com\/de\/wp-json\/wp\/v2\/posts"}],"about":[{"href":"https:\/\/www.europesays.com\/de\/wp-json\/wp\/v2\/types\/post"}],"author":[{"embeddable":true,"href":"https:\/\/www.europesays.com\/de\/wp-json\/wp\/v2\/users\/2"}],"replies":[{"embeddable":true,"href":"https:\/\/www.europesays.com\/de\/wp-json\/wp\/v2\/comments?post=546118"}],"version-history":[{"count":0,"href":"https:\/\/www.europesays.com\/de\/wp-json\/wp\/v2\/posts\/546118\/revisions"}],"wp:featuredmedia":[{"embeddable":true,"href":"https:\/\/www.europesays.com\/de\/wp-json\/wp\/v2\/media\/546119"}],"wp:attachment":[{"href":"https:\/\/www.europesays.com\/de\/wp-json\/wp\/v2\/media?parent=546118"}],"wp:term":[{"taxonomy":"category","embeddable":true,"href":"https:\/\/www.europesays.com\/de\/wp-json\/wp\/v2\/categories?post=546118"},{"taxonomy":"post_tag","embeddable":true,"href":"https:\/\/www.europesays.com\/de\/wp-json\/wp\/v2\/tags?post=546118"}],"curies":[{"name":"wp","href":"https:\/\/api.w.org\/{rel}","templated":true}]}}