{"id":546126,"date":"2025-11-02T20:40:12","date_gmt":"2025-11-02T20:40:12","guid":{"rendered":"https:\/\/www.europesays.com\/de\/546126\/"},"modified":"2025-11-02T20:40:12","modified_gmt":"2025-11-02T20:40:12","slug":"berlin-verdaechtiger-wegen-mutmasslicher-anschlagsplaene-in-untersuchungshaft","status":"publish","type":"post","link":"https:\/\/www.europesays.com\/de\/546126\/","title":{"rendered":"Berlin: Verd\u00e4chtiger wegen mutma\u00dflicher Anschlagspl\u00e4ne in Untersuchungshaft"},"content":{"rendered":"<p class=\"paragraph article__item\">Der wegen mutma\u00dflicher Anschlagspl\u00e4ne festgenommene 22-J\u00e4hrige ist in Untersuchungshaft. Das teilte die Berliner Generalstaatsanwaltschaft mit. Ein Ermittlungsrichter am Amtsgericht Tiergarten habe einen Haftbefehl erlassen und in Vollzug gesetzt. Die Ermittlungen dauern an, hie\u00df es.\n<\/p>\n<p class=\"paragraph article__item\">Die <a class=\"rtr-entity\" href=\"https:\/\/www.zeit.de\/thema\/polizei\" target=\"_blank\" rel=\"noopener\">Polizei<\/a> hatte den <a href=\"https:\/\/www.zeit.de\/gesellschaft\/zeitgeschehen\/2025-11\/festnahme-berlin-anschlagsplaene\" class=\"\" target=\"_blank\" rel=\"noopener\">22-j\u00e4hrigen Mann am Samstag festgenommen<\/a>. Dem Syrer werde die Vorbereitung einer schweren staatsgef\u00e4hrdenden Straftat vorgeworfen, sagte ein Sprecher der Berliner Staatsanwaltschaft. Es gehe um die Planung eines dschihadistisch motivierten Anschlags. Wo genau der stattfinden sollte, ist demnach noch Gegenstand der Ermittlungen.\n<\/p>\n<p class=\"paragraph article__item\">Der Inhaftierte soll sich laut Staatsanwaltschaft Utensilien zum Bau von Spreng- und Brandvorrichtungen beschafft haben. Diese Gegenst\u00e4nde und elektronische Speichermedien haben Einsatzkr\u00e4fte bei Durchsuchungen an drei Adressen in Neuk\u00f6lln und K\u00f6penick sichergestellt, teilte die Staatsanwaltschaft mit.\u00a0\n<\/p>\n<p>        Terrorgefahr laut Dobrindt &#8222;abstrakt, aber hoch&#8220;        <\/p>\n<p class=\"paragraph article__item\">Zudem habe der Verd\u00e4chtige auf einer Social-Media-Plattform mehrfach Propaganda der Terrororganisation &#8222;Islamischer Staat&#8220; geteilt. Es handele sich um Lieder und Hymnen mit dschihadistischem Kontext.\u00a0Diese ver\u00f6ffentliche der &#8222;Islamische Staat&#8220; h\u00e4ufig \u2013 mit der Aufforderung, sie zu teilen. Mit Dschihadismus ist eine radikale Form des Islamismus gemeint.\n<\/p>\n<p class=\"paragraph article__item\">Laut Bundesinnenminister Alexander Dobrindt belegt die Festnahme eine allgemeine Gef\u00e4hrdungslage: &#8222;Die Festnahme in Berlin zeigt erneut, dass die Gef\u00e4hrdungslage in<br \/>\nDeutschland durch den Terrorismus zwar abstrakt, aber dennoch hoch ist&#8220;, sagte<br \/>\nder CSU-Politiker. Der Mann sei seit 2023 in Deutschland gewesen, sagte der Minister. Die Beh\u00f6rden h\u00e4tten die Aktivit\u00e4ten des Verd\u00e4chtigen, die auf die Vorbereitung eines Anschlags hindeuteten, rechtzeitig erkannt.\n<\/p>\n<p>            Mehr zum Thema        <\/p>\n<p>Terror<\/p>\n<p>                <a href=\"https:\/\/www.zeit.de\/2025\/45\/hamas-gaza-israel-waffenstillstand-geiseln\" data-ct-label=\"Hamas : Der Terror geht weiter\" target=\"_blank\" rel=\"noopener\"><\/p>\n<p>        Z+ (abopflichtiger Inhalt);<\/p>\n<p>    Hamas :<br \/>\n                        Der Terror geht weiter<\/p>\n<p>                <\/a><\/p>\n<p>                <a href=\"https:\/\/www.zeit.de\/politik\/ausland\/2025-10\/palaestinensische-gefangene-israel-gefaengnis-austausch-geiseln\" data-ct-label=\"Pal\u00e4stinensische Gefangene: Verschleppte Zivilisten gegen verurteilte M\u00f6rder\" target=\"_blank\" rel=\"noopener\"><\/p>\n<p>        Z+ (abopflichtiger Inhalt);<\/p>\n<p>    Pal\u00e4stinensische Gefangene:<br \/>\n                        Verschleppte Zivilisten gegen verurteilte M\u00f6rder<\/p>\n<p>                <\/a><\/p>\n<p>                <a href=\"https:\/\/www.zeit.de\/2025\/43\/anschlag-synagoge-manchester-jom-kippur-judentum-antisemitismus\" data-ct-label=\"Anschlag auf Synagoge: &quot;Wir f\u00fchlen uns sehr verletzlich&quot;\" target=\"_blank\" rel=\"noopener\"><\/p>\n<p>        Z+ (abopflichtiger Inhalt);<\/p>\n<p>    Anschlag auf Synagoge:<br \/>\n                        &#8222;Wir f\u00fchlen uns sehr verletzlich&#8220;<\/p>\n<p>                <\/a><\/p>\n","protected":false},"excerpt":{"rendered":"Der wegen mutma\u00dflicher Anschlagspl\u00e4ne festgenommene 22-J\u00e4hrige ist in Untersuchungshaft. Das teilte die Berliner Generalstaatsanwaltschaft mit. Ein Ermittlungsrichter am&hellip;\n","protected":false},"author":2,"featured_media":546127,"comment_status":"","ping_status":"","sticky":false,"template":"","format":"standard","meta":{"footnotes":""},"categories":[1825],"tags":[34888,296,29,2107,96608,30,1724,121],"class_list":{"0":"post-546126","1":"post","2":"type-post","3":"status-publish","4":"format-standard","5":"has-post-thumbnail","7":"category-berlin","8":"tag-anschlagsplan","9":"tag-berlin","10":"tag-deutschland","11":"tag-dschihad","12":"tag-dschihadisten","13":"tag-germany","14":"tag-gesellschaft","15":"tag-polizei"},"share_on_mastodon":{"url":"https:\/\/pubeurope.com\/@de\/115482042282107266","error":""},"_links":{"self":[{"href":"https:\/\/www.europesays.com\/de\/wp-json\/wp\/v2\/posts\/546126","targetHints":{"allow":["GET"]}}],"collection":[{"href":"https:\/\/www.europesays.com\/de\/wp-json\/wp\/v2\/posts"}],"about":[{"href":"https:\/\/www.europesays.com\/de\/wp-json\/wp\/v2\/types\/post"}],"author":[{"embeddable":true,"href":"https:\/\/www.europesays.com\/de\/wp-json\/wp\/v2\/users\/2"}],"replies":[{"embeddable":true,"href":"https:\/\/www.europesays.com\/de\/wp-json\/wp\/v2\/comments?post=546126"}],"version-history":[{"count":0,"href":"https:\/\/www.europesays.com\/de\/wp-json\/wp\/v2\/posts\/546126\/revisions"}],"wp:featuredmedia":[{"embeddable":true,"href":"https:\/\/www.europesays.com\/de\/wp-json\/wp\/v2\/media\/546127"}],"wp:attachment":[{"href":"https:\/\/www.europesays.com\/de\/wp-json\/wp\/v2\/media?parent=546126"}],"wp:term":[{"taxonomy":"category","embeddable":true,"href":"https:\/\/www.europesays.com\/de\/wp-json\/wp\/v2\/categories?post=546126"},{"taxonomy":"post_tag","embeddable":true,"href":"https:\/\/www.europesays.com\/de\/wp-json\/wp\/v2\/tags?post=546126"}],"curies":[{"name":"wp","href":"https:\/\/api.w.org\/{rel}","templated":true}]}}