{"id":546139,"date":"2025-11-02T20:48:15","date_gmt":"2025-11-02T20:48:15","guid":{"rendered":"https:\/\/www.europesays.com\/de\/546139\/"},"modified":"2025-11-02T20:48:15","modified_gmt":"2025-11-02T20:48:15","slug":"boerse-express-demenz-schutz-ein-drittel-aller-faelle-ist-vermeidbar","status":"publish","type":"post","link":"https:\/\/www.europesays.com\/de\/546139\/","title":{"rendered":"B\u00f6rse Express &#8211; Demenz-Schutz: Ein Drittel aller F\u00e4lle ist vermeidbar"},"content":{"rendered":"<p>\n                                        Bis zu 30 Prozent aller Demenzf\u00e4lle lassen sich durch k\u00f6rperliche Aktivit\u00e4t, geistige Herausforderungen und soziale Kontakte vermeiden. Multimodale Programme zeigen die besten Erfolge bei der Vorbeugung.\n                                    <\/p>\n<p>Bis zu einem Drittel aller Demenzerkrankungen k\u00f6nnten verhindert werden \u2013 diese bahnbrechende Erkenntnis ver\u00e4ndert den Kampf gegen den geistigen Abbau grundlegend. Statt nur zu behandeln, setzt die Forschung jetzt auf Pr\u00e4vention durch den richtigen Lebensstil.<\/p>\n<p>Die Botschaft ist klar: Wer k\u00f6rperlich aktiv bleibt, sein Gehirn fordert und soziale Kontakte pflegt, kann das Demenzrisiko drastisch senken. Selbst genetische Veranlagungen lassen sich teilweise ausgleichen.<\/p>\n<p>Sport wirkt direkt aufs Gehirn<\/p>\n<p>Bewegung sch\u00fctzt nicht nur das Herz \u2013 sie ist Medizin f\u00fcrs Gehirn. <strong>Regelm\u00e4\u00dfige k\u00f6rperliche Aktivit\u00e4t<\/strong> verbessert die Durchblutung und Sauerstoffversorgung des Denkorgans. Besonders profitiert der Hippocampus, die zentrale Schaltstelle f\u00fcr Ged\u00e4chtnis und Lernen.<\/p>\n<p>Noch beeindruckender: Sport regt das Zellwachstum im Hippocampus an und hilft dabei, sch\u00e4dliche Proteinablagerungen schneller abzutransportieren \u2013 jene Plaques, die als Alzheimer-Kennzeichen gelten.<\/p>\n<p>Lebenslanges Lernen baut Schutzwall auf<\/p>\n<p>Das Geheimnis hei\u00dft <strong>kognitive Reserve<\/strong>. Menschen, die ihr Gehirn lebenslang fordern, entwickeln ein dichtes Netzwerk aus Nervenverbindungen. Dieses neuronale Polster kann Sch\u00e4den kompensieren, selbst wenn bereits krankhafte Ver\u00e4nderungen vorliegen.<\/p>\n<p>Doch Vorsicht: Das t\u00e4gliche Kreuzwortr\u00e4tsel reicht nicht. <strong>Neue und komplexe Herausforderungen<\/strong> sind gefragt \u2013 eine Fremdsprache lernen, ein Instrument beherrschen oder sich in unbekannte Wissensgebiete vertiefen.<br \/>Anzeige: Passend zum Thema kognitive Reserve \u2013 m\u00f6chten Sie Ihr Ged\u00e4chtnis gezielt trainieren? Ein kostenloser PDF\u2011Ratgeber zeigt 7 Geheimnisse, 11 alltagstaugliche \u00dcbungen und einen kurzen Selbsttest, mit denen Sie Fokus und Erinnerungsverm\u00f6gen st\u00e4rken und Ihr Demenz\u2011Risiko senken k\u00f6nnen. Ideal f\u00fcr Erwachsene und Senioren, die sofort mit einfachen Routinen starten wollen. <strong><a href=\"https:\/\/info.gesundheitswissen-aktuell.de\/gehirntraining-leicht-gemacht\/?af=KOOP_G_TG_DNV_YES_GEHIRNTRAINING-LEICHT-GEMACHT_X\" rel=\"nofollow noopener\" target=\"_blank\">Jetzt den Gratis\u2011Report \u201eGehirntraining leicht gemacht\u201c sichern<\/a><\/strong><\/p>\n<p>Kombination schl\u00e4gt Einzelma\u00dfnahmen<\/p>\n<p>Die wegweisende FINGER-Studie bewies: <strong>Multimodale Programme<\/strong> erzielen die besten Erfolge. Die Teilnehmer kombinierten:<\/p>\n<ul>\n<li>Ausgewogene Ern\u00e4hrung<\/li>\n<li>Regelm\u00e4\u00dfige k\u00f6rperliche Bewegung  <\/li>\n<li>Geistiges Training<\/li>\n<li>Kontrolle von Bluthochdruck und Diabetes<\/li>\n<li>Soziale Aktivit\u00e4ten<\/li>\n<\/ul>\n<p>Das Ergebnis \u00fcberzeugt: Die kognitiven F\u00e4higkeiten verbesserten sich signifikant gegen\u00fcber Kontrollgruppen.<\/p>\n<p>Gesellschaftliche Herausforderung bleibt<\/p>\n<p>Die Forschung zeigt auch: <strong>Soziale Ungerechtigkeit gef\u00e4hrdet Gehirngesundheit<\/strong>. Menschen mit geringerem Einkommen oder niedrigerer Bildung tragen ein h\u00f6heres Demenzrisiko. Pr\u00e4ventive Ma\u00dfnahmen m\u00fcssen daher f\u00fcr alle Gesellschaftsschichten zug\u00e4nglich werden.<\/p>\n<p>Bluttests erm\u00f6glichen Fr\u00fcherkennung<\/p>\n<p>Die Zukunft der Demenzpr\u00e4vention wird noch gezielter. Forscher entwickeln <strong>Bluttests f\u00fcr Alzheimer-Risiken<\/strong>, die Jahre vor ersten Symptomen warnen k\u00f6nnen. Parallel entstehen Apps f\u00fcr Ged\u00e4chtnistests, die kognitive Ver\u00e4nderungen im Alltag erfassen.<\/p>\n<p>Zuk\u00fcnftige Strategien werden individueller \u2013 angepasst an genetische Veranlagungen und pers\u00f6nliche Lebensumst\u00e4nde. Doch die wichtigste Erkenntnis gilt schon heute: Jeder kann durch bewusste Entscheidungen sein Gehirn sch\u00fctzen.<\/p>\n","protected":false},"excerpt":{"rendered":"Bis zu 30 Prozent aller Demenzf\u00e4lle lassen sich durch k\u00f6rperliche Aktivit\u00e4t, geistige Herausforderungen und soziale Kontakte vermeiden. Multimodale&hellip;\n","protected":false},"author":2,"featured_media":546140,"comment_status":"","ping_status":"","sticky":false,"template":"","format":"standard","meta":{"footnotes":""},"categories":[137],"tags":[46540,29,30,141,290,232,27505,435,425],"class_list":{"0":"post-546139","1":"post","2":"type-post","3":"status-publish","4":"format-standard","5":"has-post-thumbnail","7":"category-gesundheit","8":"tag-demografie","9":"tag-deutschland","10":"tag-germany","11":"tag-gesundheit","12":"tag-gesundheitswesen","13":"tag-health","14":"tag-medizintechnik","15":"tag-praevention","16":"tag-technologie"},"share_on_mastodon":{"url":"","error":""},"_links":{"self":[{"href":"https:\/\/www.europesays.com\/de\/wp-json\/wp\/v2\/posts\/546139","targetHints":{"allow":["GET"]}}],"collection":[{"href":"https:\/\/www.europesays.com\/de\/wp-json\/wp\/v2\/posts"}],"about":[{"href":"https:\/\/www.europesays.com\/de\/wp-json\/wp\/v2\/types\/post"}],"author":[{"embeddable":true,"href":"https:\/\/www.europesays.com\/de\/wp-json\/wp\/v2\/users\/2"}],"replies":[{"embeddable":true,"href":"https:\/\/www.europesays.com\/de\/wp-json\/wp\/v2\/comments?post=546139"}],"version-history":[{"count":0,"href":"https:\/\/www.europesays.com\/de\/wp-json\/wp\/v2\/posts\/546139\/revisions"}],"wp:featuredmedia":[{"embeddable":true,"href":"https:\/\/www.europesays.com\/de\/wp-json\/wp\/v2\/media\/546140"}],"wp:attachment":[{"href":"https:\/\/www.europesays.com\/de\/wp-json\/wp\/v2\/media?parent=546139"}],"wp:term":[{"taxonomy":"category","embeddable":true,"href":"https:\/\/www.europesays.com\/de\/wp-json\/wp\/v2\/categories?post=546139"},{"taxonomy":"post_tag","embeddable":true,"href":"https:\/\/www.europesays.com\/de\/wp-json\/wp\/v2\/tags?post=546139"}],"curies":[{"name":"wp","href":"https:\/\/api.w.org\/{rel}","templated":true}]}}