{"id":546141,"date":"2025-11-02T20:49:10","date_gmt":"2025-11-02T20:49:10","guid":{"rendered":"https:\/\/www.europesays.com\/de\/546141\/"},"modified":"2025-11-02T20:49:10","modified_gmt":"2025-11-02T20:49:10","slug":"systemabsturz-in-hamburg-beim-fc-st-pauli-geht-das-licht-aus","status":"publish","type":"post","link":"https:\/\/www.europesays.com\/de\/546141\/","title":{"rendered":"Systemabsturz in Hamburg: Beim FC St. Pauli geht das Licht aus"},"content":{"rendered":"<p>                    Systemabsturz in Hamburg<br \/>\n                Beim FC St. Pauli geht das Licht aus<\/p>\n<p>\t\t\t\t              02.11.2025, 21:03 Uhr<\/p>\n<p><strong>Das 0:4 gegen Borussia M\u00f6nchengladbach ist der bisherige Saison-Tiefpunkt f\u00fcr den FC St. Pauli. Cheftrainer Alexander Blessin hinterfragt alles &#8211; auch sich selbst. Bei den Kiezkickern l\u00e4uft einfach \u00fcberhaupt nichts mehr.<\/strong><\/p>\n<p>Und dann ging pl\u00f6tzlich das Licht aus &#8211; auch das noch. Gerade als Cheftrainer Alexander Blessin das eigentlich unerkl\u00e4rliche 0:4 seines FC St. Pauli gegen Borussia M\u00f6nchengladbach den Journalisten zu erkl\u00e4ren versuchte, wurde es im Presseraum dunkel. Mehr Symbolik f\u00fcr die aktuell d\u00fcstere Situation der Hamburger in der Fu\u00dfball-Bundesliga ging kaum. &#8222;Ja, so f\u00fchle ich mich gerade&#8220;, sagte Blessin in die Dunkelheit hinein.<\/p>\n<p>Als das Licht wieder an war, folgte eine schonungslose Analyse des 52-J\u00e4hrigen zu der Nicht-Leistung seines Teams. &#8222;Wir kriegen es derzeit nicht hin, weil wir auf dem Spielfeld verschiedene Denkweisen haben&#8220;, sagte er. &#8222;Wann wollen wir pressen? Wann schieben wir raus? Wie schieben wir nach?&#8220; Wenn man dann immer zu weit weg steht, immer zu sp\u00e4t kommt, falsche Entscheidungen trifft, den Raum sehr, sehr breit macht, &#8222;dann wirst du gegen jede Mannschaft in der Bundesliga verlieren&#8220;.<\/p>\n<p>Zur\u00fcck zu den Basics<\/p>\n<p>Die Niederlage sei nat\u00fcrlich wieder &#8222;ein Nackenschlag, den wir da bekommen. Wir m\u00fcssen die richtigen Schl\u00fcsse daraus ziehen&#8220;, sagte er weiter. &#8222;Da muss ich mich auch sicherlich hinterfragen. So kann es sicherlich in der Situation nicht weitergehen.&#8220; Das habe er auch schon im Spielerkreis auf dem Platz gesagt.<\/p>\n<p>Zum sechsten Mal nacheinander verloren, zum vierten Mal nacheinander ohne eigenen Treffer &#8211; die desolate Leistung gegen die bis dahin noch sieglosen Gladbacher war dann doch der bisherige Tiefpunkt in dieser Saison f\u00fcr die Kiezkicker. Dabei hatte noch das DFB-Pokalspiel gegen die TSG Hoffenheim mit dem Happy End im Elfmeterschie\u00dfen neue Hoffnung geben und Energie freisetzen sollen. Doch das Gegenteil trat ein.<\/p>\n<p>Abwehrspieler Hauke Wahl konnte sich den Systemabsturz der Mannschaft auch nicht erkl\u00e4ren. &#8222;Wir haben gedacht, dass wir jetzt \u00fcber die Details wieder reden k\u00f6nnen, aber jetzt m\u00fcssen wir wieder \u00fcber die Basics reden, \u00fcber das bessere Verteidigen, tief Verteidigen. Wir m\u00fcssen uns gegenseitig helfen, Zweik\u00e4mpfe annehmen, Zweik\u00e4mpfe gewinnen&#8220;, sagte er.<\/p>\n<p>&#8222;Nicht eine Sekunde&#8220; \u00fcber Blessin nachgedacht<\/p>\n<p>Die Entwicklung war nach dem starken Saisonbeginn mit sieben Punkten in den ersten drei Spielen nicht zu erwarten. Von dem spielerischen Fortschritt ist nur noch ansatzweise etwas zu erkennen. Zugleich ist die Defensivf\u00e4higkeit &#8211; die Kernkompetenz in der Vorsaison &#8211; abhandengekommen. Mit 41 Treffern hatte der damalige Aufsteiger nach 34 Spieltagen die zweitwenigsten Gegentore kassiert. Nach neun Spieltagen in dieser Spielzeit sind es schon 18. Wahl forderte von sich und seinen Teamkollegen wieder mehr Mentalit\u00e4t. &#8222;Wir m\u00fcssen es einfach auf dem Platz besser machen, wir m\u00fcssen es von der Mentalit\u00e4t, von der Einstellung besser machen&#8220;, sagte der 31-J\u00e4hrige.<\/p>\n<p>  <strong class=\"article__aside__title\">Die Bundesliga auf RTL+<\/strong> <\/p>\n<p><b>1. FC K\u00f6ln &#8211; Hamburger SV<\/b><\/p>\n<p><a href=\"https:\/\/plus.rtl.de\/video-tv\/shows\/bundesliga-1031036\/9-spieltag-25-26-1031046\/episode-8-short-1-fc-koeln-vs-hamburger-sv-1031385?utm_campaign=textlink&amp;utm_source=ntv&amp;utm_medium=owned&amp;utm_content=article&amp;utm_term=bundesliga\" target=\"_blank\" rel=\"Follow noopener\">Highlights kurz<\/a> und <a href=\"https:\/\/plus.rtl.de\/video-tv\/shows\/bundesliga-1031036\/9-spieltag-25-26-1031046\/episode-17-highlights-1-fc-koeln-vs-hamburger-sv-1031386?utm_campaign=textlink&amp;utm_source=ntv&amp;utm_medium=owned&amp;utm_content=article&amp;utm_term=bundesliga\" target=\"_blank\" rel=\"Follow noopener\">Highlights lang<\/a><\/p>\n<p><b>FC Bayern &#8211; Bayer Leverkusen<\/b><\/p>\n<p><a href=\"https:\/\/plus.rtl.de\/video-tv\/shows\/bundesliga-1031036\/9-spieltag-25-26-1031046\/episode-7-short-fc-bayern-muenchen-vs-bayer-04-leverkusen-1031383?utm_campaign=textlink&amp;utm_source=ntv&amp;utm_medium=owned&amp;utm_content=article&amp;utm_term=bundesliga\" target=\"_blank\" rel=\"Follow noopener\">Highlights kurz<\/a> und <a href=\"https:\/\/plus.rtl.de\/video-tv\/shows\/bundesliga-1031036\/9-spieltag-25-26-1031046\/episode-16-highlights-fc-bayern-muenchen-vs-bayer-04-leverkusen-1031384?utm_campaign=textlink&amp;utm_source=ntv&amp;utm_medium=owned&amp;utm_content=article&amp;utm_term=bundesliga\" target=\"_blank\" rel=\"Follow noopener\">Highlights lang<\/a><\/p>\n<p><b>RB Leipzig &#8211; VfB Stuttgart<\/b><\/p>\n<p><a href=\"https:\/\/plus.rtl.de\/video-tv\/shows\/bundesliga-1031036\/9-spieltag-25-26-1031046\/episode-3-short-rb-leipzig-vs-vfb-stuttgart-1031375?utm_campaign=textlink&amp;utm_source=ntv&amp;utm_medium=owned&amp;utm_content=article&amp;utm_term=bundesliga\" target=\"_blank\" rel=\"Follow noopener\">Highlights kurz<\/a> und <a href=\"https:\/\/plus.rtl.de\/video-tv\/shows\/bundesliga-1031036\/9-spieltag-25-26-1031046\/episode-12-highlights-rb-leipzig-vs-vfb-stuttgart-1031376?utm_campaign=textlink&amp;utm_source=ntv&amp;utm_medium=owned&amp;utm_content=article&amp;utm_term=bundesliga\" target=\"_blank\" rel=\"Follow noopener\">Highlights lang<\/a><\/p>\n<p><b>Mainz 05 &#8211; Werder Bremen<\/b><\/p>\n<p><a href=\"https:\/\/plus.rtl.de\/video-tv\/shows\/bundesliga-1031036\/9-spieltag-25-26-1031046\/episode-2-short-1-fsv-mainz-05-vs-werder-bremen-1031373?utm_campaign=textlink&amp;utm_source=ntv&amp;utm_medium=owned&amp;utm_content=article&amp;utm_term=bundesliga\" target=\"_blank\" rel=\"Follow noopener\">Highlights kurz<\/a> und <a href=\"https:\/\/plus.rtl.de\/video-tv\/shows\/bundesliga-1031036\/9-spieltag-25-26-1031046\/episode-11-highlights-1-fsv-mainz-05-vs-werder-bremen-1031374?utm_campaign=textlink&amp;utm_source=ntv&amp;utm_medium=owned&amp;utm_content=article&amp;utm_term=bundesliga\" target=\"_blank\" rel=\"Follow noopener\">Highlights lang<\/a><\/p>\n<p><b>Union Berlin &#8211; SC Freiburg<\/b><\/p>\n<p><a href=\"https:\/\/plus.rtl.de\/video-tv\/shows\/bundesliga-1031036\/9-spieltag-25-26-1031046\/episode-4-short-1-fc-union-berlin-vs-sc-freiburg-1031377?utm_campaign=textlink&amp;utm_source=ntv&amp;utm_medium=owned&amp;utm_content=article&amp;utm_term=bundesliga\" target=\"_blank\" rel=\"Follow noopener\">Highlights kurz<\/a> und <a href=\"https:\/\/plus.rtl.de\/video-tv\/shows\/bundesliga-1031036\/9-spieltag-25-26-1031046\/episode-13-highlights-1-fc-union-berlin-vs-sc-freiburg-1031378?utm_campaign=textlink&amp;utm_source=ntv&amp;utm_medium=owned&amp;utm_content=article&amp;utm_term=bundesliga\" target=\"_blank\" rel=\"Follow noopener\">Highlights lang<\/a><\/p>\n<p><b>Heidenheim &#8211; Eintracht Frankfurt<\/b><\/p>\n<p><a href=\"https:\/\/plus.rtl.de\/video-tv\/shows\/bundesliga-1031036\/9-spieltag-25-26-1031046\/episode-6-short-1-fc-heidenheim-vs-eintracht-frankfurt-1031381?utm_campaign=textlink&amp;utm_source=ntv&amp;utm_medium=owned&amp;utm_content=article&amp;utm_term=bundesliga\" target=\"_blank\" rel=\"Follow noopener\">Highlights kurz<\/a> und <a href=\"https:\/\/plus.rtl.de\/video-tv\/shows\/bundesliga-1031036\/9-spieltag-25-26-1031046\/episode-15-highlights-1-fc-heidenheim-vs-eintracht-frankfurt-1031382?utm_campaign=textlink&amp;utm_source=ntv&amp;utm_medium=owned&amp;utm_content=article&amp;utm_term=bundesliga\" target=\"_blank\" rel=\"Follow noopener\">Highlights lang<\/a><\/p>\n<p><b>St. Pauli &#8211; M\u00f6nchengladbach<\/b><\/p>\n<p><a href=\"https:\/\/plus.rtl.de\/video-tv\/shows\/bundesliga-1031036\/9-spieltag-25-26-1031046\/episode-5-short-1-fc-st-pauli-vs-borussia-moenchengladbach-1031379?utm_campaign=textlink&amp;utm_source=ntv&amp;utm_medium=owned&amp;utm_content=article&amp;utm_term=bundesliga\" target=\"_blank\" rel=\"Follow noopener\">Highlights kurz<\/a> und <a href=\"https:\/\/plus.rtl.de\/video-tv\/shows\/bundesliga-1031036\/9-spieltag-25-26-1031046\/episode-14-highlights-1-fc-st-pauli-vs-borussia-moenchengladbach-1031380?utm_campaign=textlink&amp;utm_source=ntv&amp;utm_medium=owned&amp;utm_content=article&amp;utm_term=bundesliga\" target=\"_blank\" rel=\"Follow noopener\">Highlights lang<\/a><\/p>\n<p><b>FC Augsburg &#8211; Borussia Dortmund<\/b><\/p>\n<p><a href=\"https:\/\/plus.rtl.de\/video-tv\/shows\/bundesliga-1031036\/9-spieltag-25-26-1031046\/episode-1-short-fc-augsburg-vs-borussia-dortmund-1031371?utm_campaign=textlink&amp;utm_source=ntv&amp;utm_medium=owned&amp;utm_content=article&amp;utm_term=bundesliga\" target=\"_blank\" rel=\"Follow noopener\">Highlights kurz<\/a> und <a href=\"https:\/\/plus.rtl.de\/video-tv\/shows\/bundesliga-1031036\/9-spieltag-25-26-1031046\/episode-10-highlights-fc-augsburg-vs-borussia-dortmund-1031372?utm_campaign=textlink&amp;utm_source=ntv&amp;utm_medium=owned&amp;utm_content=article&amp;utm_term=bundesliga\" target=\"_blank\" rel=\"Follow noopener\">Highlights lang<\/a><\/p>\n<p>Trotz der Negativserie steht einer nicht infrage: Cheftrainer Blessin. &#8222;Ehrlicherweise, h\u00e4tten Sie diese Frage jetzt nicht gestellt, dann h\u00e4tte ich nicht eine Sekunde \u00fcber diese Frage nachgedacht&#8220;, sagte Klub-Pr\u00e4sident Oke G\u00f6ttlich nach der Pleite gegen M\u00f6nchengladbach im ZDF. Es gebe mit Sicherheit einiges, &#8222;was wir aus dem Spiel mitnehmen werden und was wir analysieren werden. Der Cheftrainer geh\u00f6rt da nicht dazu&#8220;, betonte G\u00f6ttlich weiter.<\/p>\n<p>Blessins Geduld ist endlich<\/p>\n<p>Blessin hat nach dem Klassenverbleib noch viel Kredit auf dem Kiez. &#8222;Es geht hier weniger um mich in dem Moment, sondern wir haben ja von Anfang an gesagt, dass wir das nur zusammen schaffen als Mannschaft. Und da ist uns ein bisschen was abhandengekommen&#8220;, sagte der Cheftrainer selbst. &#8222;Da erwarte ich nat\u00fcrlich auch Antworten von der Mannschaft.&#8220; Es m\u00fcsse &#8222;m\u00f6glichst schnell dieses Zusammengeh\u00f6rigkeitsgef\u00fchl wieder gefunden werden&#8220;.<\/p>\n<p>Dass die Geduld des Trainers endlich ist, bekamen die Spieler in der Halbzeitpause zu sp\u00fcren. Blessin wechselte seine komplette Offensive mit Mathias Pereira Lage, Oladapo Afolayan und Danel Sinani gegen Martijn Kaars, Andreas Hountondji und Abdoulie Ceesay aus. Der Grund? &#8222;Weil es mir auf den Keks ging&#8220;, sagte er. &#8222;Ich h\u00e4tte auch wesentlich mehr wechseln k\u00f6nnen. Aber es ging darum, einfach ein Signal zu setzen.&#8220; Besser wurde es aber in der zweiten Halbzeit auch nicht.<\/p>\n<p>Die Auslosung f\u00fcr das Achtelfinale im DFB-Pokal bescherte den Hamburgern schneller als erwartet die Chance zur Revanche. Schon Anfang Dezember trifft der FC St. Pauli die Gladbacher wieder &#8211; dann aber im Borussia-Park.<\/p>\n","protected":false},"excerpt":{"rendered":"Systemabsturz in Hamburg Beim FC St. Pauli geht das Licht aus 02.11.2025, 21:03 Uhr Das 0:4 gegen Borussia&hellip;\n","protected":false},"author":2,"featured_media":546142,"comment_status":"","ping_status":"","sticky":false,"template":"","format":"standard","meta":{"footnotes":""},"categories":[136],"tags":[29,459,347,485,30,265],"class_list":{"0":"post-546141","1":"post","2":"type-post","3":"status-publish","4":"format-standard","5":"has-post-thumbnail","7":"category-sport","8":"tag-deutschland","9":"tag-fc-st-pauli","10":"tag-fussball","11":"tag-fussball-bundesliga","12":"tag-germany","13":"tag-sport"},"share_on_mastodon":{"url":"https:\/\/pubeurope.com\/@de\/115482077786225858","error":""},"_links":{"self":[{"href":"https:\/\/www.europesays.com\/de\/wp-json\/wp\/v2\/posts\/546141","targetHints":{"allow":["GET"]}}],"collection":[{"href":"https:\/\/www.europesays.com\/de\/wp-json\/wp\/v2\/posts"}],"about":[{"href":"https:\/\/www.europesays.com\/de\/wp-json\/wp\/v2\/types\/post"}],"author":[{"embeddable":true,"href":"https:\/\/www.europesays.com\/de\/wp-json\/wp\/v2\/users\/2"}],"replies":[{"embeddable":true,"href":"https:\/\/www.europesays.com\/de\/wp-json\/wp\/v2\/comments?post=546141"}],"version-history":[{"count":0,"href":"https:\/\/www.europesays.com\/de\/wp-json\/wp\/v2\/posts\/546141\/revisions"}],"wp:featuredmedia":[{"embeddable":true,"href":"https:\/\/www.europesays.com\/de\/wp-json\/wp\/v2\/media\/546142"}],"wp:attachment":[{"href":"https:\/\/www.europesays.com\/de\/wp-json\/wp\/v2\/media?parent=546141"}],"wp:term":[{"taxonomy":"category","embeddable":true,"href":"https:\/\/www.europesays.com\/de\/wp-json\/wp\/v2\/categories?post=546141"},{"taxonomy":"post_tag","embeddable":true,"href":"https:\/\/www.europesays.com\/de\/wp-json\/wp\/v2\/tags?post=546141"}],"curies":[{"name":"wp","href":"https:\/\/api.w.org\/{rel}","templated":true}]}}