{"id":546182,"date":"2025-11-02T21:14:17","date_gmt":"2025-11-02T21:14:17","guid":{"rendered":"https:\/\/www.europesays.com\/de\/546182\/"},"modified":"2025-11-02T21:14:17","modified_gmt":"2025-11-02T21:14:17","slug":"knappes-unterliegen-fuer-tus-08-senne-1-gegen-vfl-oldentrup","status":"publish","type":"post","link":"https:\/\/www.europesays.com\/de\/546182\/","title":{"rendered":"Knappes Unterliegen f\u00fcr TuS 08 Senne 1 gegen VfL Oldentrup"},"content":{"rendered":"<p>                                Spielinfos:<br \/>\nDatum &amp; Uhrzeit: 02.11.2025 14.30 Uhr<br \/>Austragungsort: Bielefeld<br \/>Wettbewerb: Kreisliga A<br \/>Spieltag: 13<\/p>\n<p>Spielbericht: VfL Oldentrup gegen TuS 08 Senne 1 1:0 (1:0)<\/p>\n<p id=\"absatz2\" class=\"em_text\">Bielefeld. Die Teams von Tobias W\u00fcrz und Moritz Dennin trennen sich am Sonntag mit einem torarmen 1:0.<\/p>\n<p id=\"absatz4\" class=\"em_text\">Bereits kurz nach Spielbeginn bringt Alex Kehler den Gastgeber in F\u00fchrung (4).<\/p>\n<p id=\"absatz5\" class=\"em_text\">In der zweiten Halbzeit versuchen beide Teams durch Auswechslung nochmal frische Energie aufs Feld zu bringen. Zaradasht Adel Sarhan Sarhan kommt rein f\u00fcr Luis Manuel Vega Mesa und Marcel Hertel f\u00fcr Aras Khaled Hussein. Auf der Gastseite springen Felix John f\u00fcr Kevin Temin und Tom Friedrichs f\u00fcr Niklas Waldhier ein. Die Bem\u00fchungen bleiben jedoch vergeblich.<\/p>\n<p id=\"absatz6\" class=\"em_text\">Es soll bei dem einen Tor bleiben. Der VfL Oldentrup kann mit dem Ergebnis zufrieden sein.<\/p>\n<p>Die Aufstellungen: VfL Oldentrup &#8211; TuS 08 Senne 1<br \/>\nVfL Oldentrup: Luca Borgstedt (12), Luis Manuel Vega Mesa (9), Benjamin Kehler (20), Aras Khaled Hussein (7), Luc Kickert (13), Artur Gross (4), Ardal Dal (5), Moritz Kickert (14), Joel Hertel (8), Pascal Galeziok (1), Alex Kehler (11)<br \/>TuS 08 Senne 1: Niklas Waldhier (29), Jonas Beckmann (5), Michel Dennin (3), Lennart Albrecht (1), Stefan Dopheide (14), Daniel M\u00f6nnekes (10), Luka Marquardt (4), Moritz Paulus Alexander G\u00fcnther (31), Kevin Temin (9), Simon Czernia (8), Tim H\u00fclsmann (17)<br \/>Schiedsrichter: Julian Wigand (Bielefeld)<\/p>\n<p id=\"absatz7\" class=\"em_text\">Assistent: R\u00fcdiger Ehlers<\/p>\n<p id=\"absatz8\" class=\"em_text\">Assistent: Paul Zimmermann<\/p>\n<p id=\"absatz9\" class=\"em_text\" style=\"font-size: .8em;\">Die Inhalte dieses Berichts wurden automatisch auf der Basis von DFB-Daten zusammengestellt.<\/p>\n","protected":false},"excerpt":{"rendered":"Spielinfos: Datum &amp; Uhrzeit: 02.11.2025 14.30 UhrAustragungsort: BielefeldWettbewerb: Kreisliga ASpieltag: 13 Spielbericht: VfL Oldentrup gegen TuS 08 Senne&hellip;\n","protected":false},"author":2,"featured_media":546183,"comment_status":"","ping_status":"","sticky":false,"template":"","format":"standard","meta":{"footnotes":""},"categories":[1841],"tags":[133038,1605,3364,29,5282,30,97748,133035,9428,16327,133037,133036,734,7774,1613,1209,35780,16332,7773,7765,133039],"class_list":{"0":"post-546182","1":"post","2":"type-post","3":"status-publish","4":"format-standard","5":"has-post-thumbnail","7":"category-bielefeld","8":"tag-alex-kehler","9":"tag-bielefeld","10":"tag-de","11":"tag-deutschland","12":"tag-fuball","13":"tag-germany","14":"tag-kevin-temin","15":"tag-khaled-hussein","16":"tag-kreisliga","17":"tag-kreisliga-a-bielefeld","18":"tag-luis-manuel-vega-mesa","19":"tag-marcel-hertel","20":"tag-meta_artikelklasse_nachricht","21":"tag-meta_themen_sport","22":"tag-meta_userneeds_informieremich","23":"tag-nordrhein-westfalen","24":"tag-oldentrup","25":"tag-serie_ligaid_210717","26":"tag-serie_ligaid_all","27":"tag-spielinfo","28":"tag-tobias-wrz"},"share_on_mastodon":{"url":"https:\/\/pubeurope.com\/@de\/115482176001295748","error":""},"_links":{"self":[{"href":"https:\/\/www.europesays.com\/de\/wp-json\/wp\/v2\/posts\/546182","targetHints":{"allow":["GET"]}}],"collection":[{"href":"https:\/\/www.europesays.com\/de\/wp-json\/wp\/v2\/posts"}],"about":[{"href":"https:\/\/www.europesays.com\/de\/wp-json\/wp\/v2\/types\/post"}],"author":[{"embeddable":true,"href":"https:\/\/www.europesays.com\/de\/wp-json\/wp\/v2\/users\/2"}],"replies":[{"embeddable":true,"href":"https:\/\/www.europesays.com\/de\/wp-json\/wp\/v2\/comments?post=546182"}],"version-history":[{"count":0,"href":"https:\/\/www.europesays.com\/de\/wp-json\/wp\/v2\/posts\/546182\/revisions"}],"wp:featuredmedia":[{"embeddable":true,"href":"https:\/\/www.europesays.com\/de\/wp-json\/wp\/v2\/media\/546183"}],"wp:attachment":[{"href":"https:\/\/www.europesays.com\/de\/wp-json\/wp\/v2\/media?parent=546182"}],"wp:term":[{"taxonomy":"category","embeddable":true,"href":"https:\/\/www.europesays.com\/de\/wp-json\/wp\/v2\/categories?post=546182"},{"taxonomy":"post_tag","embeddable":true,"href":"https:\/\/www.europesays.com\/de\/wp-json\/wp\/v2\/tags?post=546182"}],"curies":[{"name":"wp","href":"https:\/\/api.w.org\/{rel}","templated":true}]}}