{"id":546184,"date":"2025-11-02T21:15:33","date_gmt":"2025-11-02T21:15:33","guid":{"rendered":"https:\/\/www.europesays.com\/de\/546184\/"},"modified":"2025-11-02T21:15:33","modified_gmt":"2025-11-02T21:15:33","slug":"wuppertaler-stadtbibliothek-laedt-zum-kostenlosen-fotoshooting-fuer-eine-aktion-gegen-rechts","status":"publish","type":"post","link":"https:\/\/www.europesays.com\/de\/546184\/","title":{"rendered":"Wuppertaler Stadtbibliothek l\u00e4dt zum kostenlosen Fotoshooting f\u00fcr eine Aktion gegen rechts"},"content":{"rendered":"<p class=\"richtext text-em-55 !leading-serif mx-6 desktop:mx-0\">Anne Manke und Kai Mattern, beide Profis in der Fotobranche, haben deshalb Anfang 2025 das unabh\u00e4ngige, nicht-kommerzielle Fotoprojekt \u201eGesichter gegen Rechts\u201c ins Leben gerufen. \u201eDas Projekt macht Menschen sichtbar, die sich klar f\u00fcr Demokratie, Vielfalt, Respekt und ein friedliches Miteinander einsetzen\u201c, schildern die beiden auf ihrer Webseite. Zwischen dem 18. Oktober und dem 9. November touren sie durch insgesamt 22 deutsche St\u00e4dte und bieten dort kostenlose Fotoshootings an. Teilnehmer sollen so Gesicht zeigen f\u00fcr eine Gesellschaft in der Respekt, Offenheit und Menschenw\u00fcrde z\u00e4hlen.<\/p>\n","protected":false},"excerpt":{"rendered":"Anne Manke und Kai Mattern, beide Profis in der Fotobranche, haben deshalb Anfang 2025 das unabh\u00e4ngige, nicht-kommerzielle Fotoprojekt&hellip;\n","protected":false},"author":2,"featured_media":546185,"comment_status":"","ping_status":"","sticky":false,"template":"","format":"standard","meta":{"footnotes":""},"categories":[1840],"tags":[3951,3364,146,131950,29,133041,72,133040,30,8131,133042,115231,1209,2202,133043,23882,4947,61,22671,4418],"class_list":{"0":"post-546184","1":"post","2":"type-post","3":"status-publish","4":"format-standard","5":"has-post-thumbnail","7":"category-wuppertal","8":"tag-aktion","9":"tag-de","10":"tag-demokratie","11":"tag-demokratiefeindliche","12":"tag-deutschland","13":"tag-fotoprojekt","14":"tag-fotos","15":"tag-fotoshooting","16":"tag-germany","17":"tag-gesicht","18":"tag-gesichtergegenrechts","19":"tag-initiatoren","20":"tag-nordrhein-westfalen","21":"tag-projekt","22":"tag-projektinitiatoren","23":"tag-respekt","24":"tag-stadtbibliothek","25":"tag-vielfalt","26":"tag-webseite","27":"tag-wuppertal"},"share_on_mastodon":{"url":"https:\/\/pubeurope.com\/@de\/115482179856938226","error":""},"_links":{"self":[{"href":"https:\/\/www.europesays.com\/de\/wp-json\/wp\/v2\/posts\/546184","targetHints":{"allow":["GET"]}}],"collection":[{"href":"https:\/\/www.europesays.com\/de\/wp-json\/wp\/v2\/posts"}],"about":[{"href":"https:\/\/www.europesays.com\/de\/wp-json\/wp\/v2\/types\/post"}],"author":[{"embeddable":true,"href":"https:\/\/www.europesays.com\/de\/wp-json\/wp\/v2\/users\/2"}],"replies":[{"embeddable":true,"href":"https:\/\/www.europesays.com\/de\/wp-json\/wp\/v2\/comments?post=546184"}],"version-history":[{"count":0,"href":"https:\/\/www.europesays.com\/de\/wp-json\/wp\/v2\/posts\/546184\/revisions"}],"wp:featuredmedia":[{"embeddable":true,"href":"https:\/\/www.europesays.com\/de\/wp-json\/wp\/v2\/media\/546185"}],"wp:attachment":[{"href":"https:\/\/www.europesays.com\/de\/wp-json\/wp\/v2\/media?parent=546184"}],"wp:term":[{"taxonomy":"category","embeddable":true,"href":"https:\/\/www.europesays.com\/de\/wp-json\/wp\/v2\/categories?post=546184"},{"taxonomy":"post_tag","embeddable":true,"href":"https:\/\/www.europesays.com\/de\/wp-json\/wp\/v2\/tags?post=546184"}],"curies":[{"name":"wp","href":"https:\/\/api.w.org\/{rel}","templated":true}]}}