{"id":546219,"date":"2025-11-02T21:38:53","date_gmt":"2025-11-02T21:38:53","guid":{"rendered":"https:\/\/www.europesays.com\/de\/546219\/"},"modified":"2025-11-02T21:38:53","modified_gmt":"2025-11-02T21:38:53","slug":"dgb-ist-alarmiert-nach-den-juengsten-zahlen-zum-ausbildungsmarkt","status":"publish","type":"post","link":"https:\/\/www.europesays.com\/de\/546219\/","title":{"rendered":"DGB ist alarmiert nach den j\u00fcngsten Zahlen zum Ausbildungsmarkt"},"content":{"rendered":"<p><strong>Lars Niggemeyer, <\/strong>Ausbildungsmarktexperte des DGB Niedersachsen, hat die j\u00fcngsten Zahlen zur Arbeitsmarktentwicklung in Niedersachsen bewertet: \u201e10.203 junge Menschen konnten in diesem Jahr keinen Ausbildungsplatz finden. Ohne Ausbildung sind die Aussichten auf ein stabiles Erwerbsleben deutlich schlechter. Hinzu kommen die gro\u00dfen Fachkr\u00e4ftebedarfe. Wir k\u00f6nnen es uns nicht l\u00e4nger leisten, dass ein [&#8230;]<\/p>\n","protected":false},"excerpt":{"rendered":"Lars Niggemeyer, Ausbildungsmarktexperte des DGB Niedersachsen, hat die j\u00fcngsten Zahlen zur Arbeitsmarktentwicklung in Niedersachsen bewertet: \u201e10.203 junge Menschen&hellip;\n","protected":false},"author":2,"featured_media":546220,"comment_status":"","ping_status":"","sticky":false,"template":"","format":"standard","meta":{"footnotes":""},"categories":[1836],"tags":[52995,3364,29,619,30,46,133045,1411],"class_list":{"0":"post-546219","1":"post","2":"type-post","3":"status-publish","4":"format-standard","5":"has-post-thumbnail","7":"category-hannover","8":"tag-ausbildungsmarkt","9":"tag-de","10":"tag-deutschland","11":"tag-dgb","12":"tag-germany","13":"tag-hannover","14":"tag-lars-niggemeyer","15":"tag-niedersachsen"},"share_on_mastodon":{"url":"https:\/\/pubeurope.com\/@de\/115482274191631189","error":""},"_links":{"self":[{"href":"https:\/\/www.europesays.com\/de\/wp-json\/wp\/v2\/posts\/546219","targetHints":{"allow":["GET"]}}],"collection":[{"href":"https:\/\/www.europesays.com\/de\/wp-json\/wp\/v2\/posts"}],"about":[{"href":"https:\/\/www.europesays.com\/de\/wp-json\/wp\/v2\/types\/post"}],"author":[{"embeddable":true,"href":"https:\/\/www.europesays.com\/de\/wp-json\/wp\/v2\/users\/2"}],"replies":[{"embeddable":true,"href":"https:\/\/www.europesays.com\/de\/wp-json\/wp\/v2\/comments?post=546219"}],"version-history":[{"count":0,"href":"https:\/\/www.europesays.com\/de\/wp-json\/wp\/v2\/posts\/546219\/revisions"}],"wp:featuredmedia":[{"embeddable":true,"href":"https:\/\/www.europesays.com\/de\/wp-json\/wp\/v2\/media\/546220"}],"wp:attachment":[{"href":"https:\/\/www.europesays.com\/de\/wp-json\/wp\/v2\/media?parent=546219"}],"wp:term":[{"taxonomy":"category","embeddable":true,"href":"https:\/\/www.europesays.com\/de\/wp-json\/wp\/v2\/categories?post=546219"},{"taxonomy":"post_tag","embeddable":true,"href":"https:\/\/www.europesays.com\/de\/wp-json\/wp\/v2\/tags?post=546219"}],"curies":[{"name":"wp","href":"https:\/\/api.w.org\/{rel}","templated":true}]}}