{"id":546223,"date":"2025-11-02T21:43:52","date_gmt":"2025-11-02T21:43:52","guid":{"rendered":"https:\/\/www.europesays.com\/de\/546223\/"},"modified":"2025-11-02T21:43:52","modified_gmt":"2025-11-02T21:43:52","slug":"sachsen-gruppe-attackiert-und-bestiehlt-28-jaehrigen-in-dresden","status":"publish","type":"post","link":"https:\/\/www.europesays.com\/de\/546223\/","title":{"rendered":"Sachsen: Gruppe attackiert und bestiehlt 28-J\u00e4hrigen in Dresden"},"content":{"rendered":"<p>                    Sachsen<br \/>\n                Gruppe attackiert und bestiehlt 28-J\u00e4hrigen in Dresden<\/p>\n<p>\t\t\t\t              02.11.2025, 12:14 Uhr<\/p>\n<p><strong>Am fr\u00fchen Morgen bedr\u00e4ngen mehrere M\u00e4nner einen 28-J\u00e4hrigen in einem Gesch\u00e4ft in Dresden. Die T\u00e4ter schlagen zu und rauben Handy und Geld.<\/strong><\/p>\n<p>Dresden (dpa\/sn) &#8211; Nach einem Raub in Dresden hat die Polizei zwei Verd\u00e4chtige festgenommen. Vier T\u00e4ter sprachen nach Darstellung der Ermittler am fr\u00fchen Samstagmorgen einen 28-J\u00e4hrigen in einem Laden an und durchsuchten dann unvermittelt seine Taschen. Als der Mann wegrannte, h\u00e4tten die Angreifer ihn verfolgt, auf ihn eingeschlagen und ihm eine Tasche mit Portemonnaie und Handy gestohlen.\u00a0<\/p>\n<p>Polizisten konnten zwei Tatverd\u00e4chtige im Alter von 17 und 18 Jahren fassen. Bei einem von ihnen sei die Geldkarte des Opfers gefunden worden. Der 28-J\u00e4hrige selbst wurde den Angaben nach bei dem Angriff leicht verletzt.<\/p>\n","protected":false},"excerpt":{"rendered":"Sachsen Gruppe attackiert und bestiehlt 28-J\u00e4hrigen in Dresden 02.11.2025, 12:14 Uhr Am fr\u00fchen Morgen bedr\u00e4ngen mehrere M\u00e4nner einen&hellip;\n","protected":false},"author":2,"featured_media":546224,"comment_status":"","ping_status":"","sticky":false,"template":"","format":"standard","meta":{"footnotes":""},"categories":[1835],"tags":[3364,29,2386,30,20684,859],"class_list":{"0":"post-546223","1":"post","2":"type-post","3":"status-publish","4":"format-standard","5":"has-post-thumbnail","7":"category-dresden","8":"tag-de","9":"tag-deutschland","10":"tag-dresden","11":"tag-germany","12":"tag-gruppe","13":"tag-sachsen"},"share_on_mastodon":{"url":"https:\/\/pubeurope.com\/@de\/115482293863481723","error":""},"_links":{"self":[{"href":"https:\/\/www.europesays.com\/de\/wp-json\/wp\/v2\/posts\/546223","targetHints":{"allow":["GET"]}}],"collection":[{"href":"https:\/\/www.europesays.com\/de\/wp-json\/wp\/v2\/posts"}],"about":[{"href":"https:\/\/www.europesays.com\/de\/wp-json\/wp\/v2\/types\/post"}],"author":[{"embeddable":true,"href":"https:\/\/www.europesays.com\/de\/wp-json\/wp\/v2\/users\/2"}],"replies":[{"embeddable":true,"href":"https:\/\/www.europesays.com\/de\/wp-json\/wp\/v2\/comments?post=546223"}],"version-history":[{"count":0,"href":"https:\/\/www.europesays.com\/de\/wp-json\/wp\/v2\/posts\/546223\/revisions"}],"wp:featuredmedia":[{"embeddable":true,"href":"https:\/\/www.europesays.com\/de\/wp-json\/wp\/v2\/media\/546224"}],"wp:attachment":[{"href":"https:\/\/www.europesays.com\/de\/wp-json\/wp\/v2\/media?parent=546223"}],"wp:term":[{"taxonomy":"category","embeddable":true,"href":"https:\/\/www.europesays.com\/de\/wp-json\/wp\/v2\/categories?post=546223"},{"taxonomy":"post_tag","embeddable":true,"href":"https:\/\/www.europesays.com\/de\/wp-json\/wp\/v2\/tags?post=546223"}],"curies":[{"name":"wp","href":"https:\/\/api.w.org\/{rel}","templated":true}]}}