{"id":546228,"date":"2025-11-02T21:47:11","date_gmt":"2025-11-02T21:47:11","guid":{"rendered":"https:\/\/www.europesays.com\/de\/546228\/"},"modified":"2025-11-02T21:47:11","modified_gmt":"2025-11-02T21:47:11","slug":"drohne-legt-bremer-flughafen-lahm-fluege-umgeleitet","status":"publish","type":"post","link":"https:\/\/www.europesays.com\/de\/546228\/","title":{"rendered":"Drohne legt Bremer Flughafen lahm &#8211; Fl\u00fcge umgeleitet"},"content":{"rendered":"<p>                    Sicherheitsrisiko erkannt<br \/>\n                Drohne legt Bremer Flughafen vor\u00fcbergehend lahm<\/p>\n<p>\t\t\t\t              02.11.2025, 22:26 Uhr<\/p>\n<p>\t\t\t\t\t       Artikel anh\u00f6ren<\/p>\n<p>\t\t\t\t\t\t\tDiese Audioversion wurde k\u00fcnstlich generiert. <a href=\"https:\/\/www.n-tv.de\/23249898\" target=\"_blank\" rel=\"noopener\">Mehr Infos<\/a><\/p>\n<p><strong>Eine Drohne sorgt am Bremer Flughafen f\u00fcr Chaos. Der Flugverkehr wird f\u00fcr knapp eine Stunde gestoppt, ein Flug nach Hamburg umgeleitet. Es ist nicht der erste Vorfall dieser Art an deutschen Flugh\u00e4fen.<\/strong><\/p>\n<p>Der Flugverkehr am Bremer Flughafen ist nach der Sichtung einer Drohne kurzzeitig unterbrochen worden. Die Drohne sei gegen 19.30 Uhr im unmittelbaren Bereich des Airports gesehen worden, teilte ein Sprecher der Polizei mit. Demnach stellte die Flugsicherung den Start- und Landebetrieb daraufhin sofort ein. Ab 20.22 Uhr sei der Flugverkehr wieder aufgenommen worden. Wer die Drohne steuerte, ist nach Angaben der Polizei unklar.<\/p>\n<p>Auch die genauen Auswirkungen der kurzzeitigen Unterbrechung auf den Flugbetrieb sind zun\u00e4chst unklar. Nach Informationen des Regionalmagazins &#8222;buten un binnen&#8220; musste ein Flug von London nach Bremen nach Hamburg umgeleitet werden. Eine Maschine von Bremen nach London konnte demnach nicht rechtzeitig starten.<\/p>\n<p>Gro\u00dfes Sicherheitsrisiko an Airports<\/p>\n<p>Erst am Freitag war wegen der Sichtung einer Drohne der Flugbetrieb am Berliner Hauptstadtflughafen BER f\u00fcr knapp zwei Stunden gesperrt worden. Zahlreiche Fl\u00fcge wurden umgeleitet. Anfang Oktober hatten Drohnen unbekannter Herkunft den Flugbetrieb am zweitgr\u00f6\u00dften deutschen Flughafen in M\u00fcnchen gest\u00f6rt.<\/p>\n<p>Besonders in der Umgebung von Flugh\u00e4fen sind Drohnen in der Luft ein gro\u00dfes Sicherheitsrisiko. Sie sind in Airport-N\u00e4he in einem Radius von 1,5 Kilometern verboten, weil sie Starts und Landungen gef\u00e4hrden k\u00f6nnen. Wenn sie dennoch in diesen Bereich geflogen werden, kann das als gef\u00e4hrlicher Eingriff in den Luftverkehr streng bestraft werden.<\/p>\n","protected":false},"excerpt":{"rendered":"Sicherheitsrisiko erkannt Drohne legt Bremer Flughafen vor\u00fcbergehend lahm 02.11.2025, 22:26 Uhr Artikel anh\u00f6ren Diese Audioversion wurde k\u00fcnstlich generiert.&hellip;\n","protected":false},"author":2,"featured_media":546229,"comment_status":"","ping_status":"","sticky":false,"template":"","format":"standard","meta":{"footnotes":""},"categories":[1824],"tags":[2420,3364,29,10068,841,30,984,1746],"class_list":{"0":"post-546228","1":"post","2":"type-post","3":"status-publish","4":"format-standard","5":"has-post-thumbnail","7":"category-bremen","8":"tag-bremen","9":"tag-de","10":"tag-deutschland","11":"tag-drohnen","12":"tag-flugzeuge","13":"tag-germany","14":"tag-international","15":"tag-luftfahrt"},"share_on_mastodon":{"url":"https:\/\/pubeurope.com\/@de\/115482305777045112","error":""},"_links":{"self":[{"href":"https:\/\/www.europesays.com\/de\/wp-json\/wp\/v2\/posts\/546228","targetHints":{"allow":["GET"]}}],"collection":[{"href":"https:\/\/www.europesays.com\/de\/wp-json\/wp\/v2\/posts"}],"about":[{"href":"https:\/\/www.europesays.com\/de\/wp-json\/wp\/v2\/types\/post"}],"author":[{"embeddable":true,"href":"https:\/\/www.europesays.com\/de\/wp-json\/wp\/v2\/users\/2"}],"replies":[{"embeddable":true,"href":"https:\/\/www.europesays.com\/de\/wp-json\/wp\/v2\/comments?post=546228"}],"version-history":[{"count":0,"href":"https:\/\/www.europesays.com\/de\/wp-json\/wp\/v2\/posts\/546228\/revisions"}],"wp:featuredmedia":[{"embeddable":true,"href":"https:\/\/www.europesays.com\/de\/wp-json\/wp\/v2\/media\/546229"}],"wp:attachment":[{"href":"https:\/\/www.europesays.com\/de\/wp-json\/wp\/v2\/media?parent=546228"}],"wp:term":[{"taxonomy":"category","embeddable":true,"href":"https:\/\/www.europesays.com\/de\/wp-json\/wp\/v2\/categories?post=546228"},{"taxonomy":"post_tag","embeddable":true,"href":"https:\/\/www.europesays.com\/de\/wp-json\/wp\/v2\/tags?post=546228"}],"curies":[{"name":"wp","href":"https:\/\/api.w.org\/{rel}","templated":true}]}}