{"id":54624,"date":"2025-04-23T11:46:12","date_gmt":"2025-04-23T11:46:12","guid":{"rendered":"https:\/\/www.europesays.com\/de\/54624\/"},"modified":"2025-04-23T11:46:12","modified_gmt":"2025-04-23T11:46:12","slug":"polizei-fasst-drogendealer-in-hotel-im-bahnhofsviertel","status":"publish","type":"post","link":"https:\/\/www.europesays.com\/de\/54624\/","title":{"rendered":"Polizei fasst Drogendealer in Hotel im Bahnhofsviertel"},"content":{"rendered":"<p>Durchsuchung im Hotelzimmer <\/p>\n<p>Im Bahnhofsviertel: Polizei fasst Drogendealer<\/p>\n<p>23.04.2025 &#8211; 13:38 UhrLesedauer: 1 Min.<\/p>\n<p><a href=\"#focus-0\" class=\"transition-colors duration-200 focus-within:text-magenta block text-current relative\" data-sctrack=\"FocusGalleryImage.Reference\"><img fetchpriority=\"high\" data-testid=\"Opener.Image\" style=\"--lqipURL:url('https:\/\/images.t-online.de\/2025\/04\/o-RbyR3SW9Gy\/0x209:4000x2250\/fit-in\/150x0\/filters:blur(25)\/polizei-im-bahnhofsviertel-archivfoto-die-drei-maenner-wurden-festgenommen.jpg')\"   loading=\"eager\" src=\"https:\/\/www.europesays.com\/de\/wp-content\/uploads\/2025\/04\/polizei-im-bahnhofsviertel-archivfoto-die-drei-maenner-wurden-festgenommen.jpg\" alt=\"imago images 0811716992\" title=\"imago images 0811716992\" width=\"4000\" height=\"2250\" class=\"bg-[url:var(--lqipURL)] bg-cover bg-center flex w-full max-w-full h-full\" decoding=\"async\"\/><img style=\"--width:32;--height:32\" loading=\"lazy\" src=\"https:\/\/www.europesays.com\/de\/wp-content\/uploads\/2025\/03\/zoom-in.f7dae02f.svg.svg+xml\" alt=\"Vergr\u00f6\u00dfern des Bildes\" title=\"Vergr\u00f6\u00dfern des Bildes\" class=\"&#10;        block&#10;        h-[calc(var(--height)_\/_16_*_1rem)]&#10;        w-[calc(var(--width)_\/_16_*_1rem)]&#10;        max-w-none&#10;        absolute bottom-8 right-8 rounded-4 bg-snow p-8\" decoding=\"async\"\/><\/a><\/p>\n<p>Polizei im Bahnhofsviertel (Archivfoto): Die drei M\u00e4nner wurden festgenommen. (Quelle: IMAGO)<\/p>\n<p class=\"font-bold text-18 leading-17\">Die Frankfurter Polizei hat im Bahnhofsviertel drei mutma\u00dfliche Drogendealer festgenommen. Bei der Razzia im Hotelzimmer wurden Drogen und Waffen sichergestellt.<\/p>\n<p class=\"text-18 leading-17\">Die Frankfurter Polizei hat am Dienstagabend, dem 22. April 2025, drei mutma\u00dfliche Drogendealer im Bahnhofsviertel festgenommen. Nach eigenen Angaben erwirkte die Staatsanwaltschaft einen Durchsuchungsbeschluss f\u00fcr ein Hotelzimmer, aus dem heraus die Verd\u00e4chtigen Bet\u00e4ubungsmittel an Dealer verteilt haben sollen.<\/p>\n<p class=\"text-18 leading-17\">Bei der Durchsuchung des Zimmers fanden die Beamten 220 Gramm Haschisch und 225 Tabletten Pregabalin, ein Wirkstoff, der etwa bei allgemeinen Angstst\u00f6rungen eingesetzt wird. Au\u00dferdem stellten sie Bargeld in vierstelliger H\u00f6he, Pfefferspray, ein Springmesser, mehrere Smartphones und eine Feinwaage sicher. Die Polizei nahm die drei M\u00e4nner im Alter von 23, 25 und 29 Jahren widerstandslos fest.<\/p>\n<p class=\"text-18 leading-17\">Einer der Festgenommenen wurde zudem aufgrund eines bestehenden Haftbefehls verhaftet. Alle drei Verd\u00e4chtigen befinden sich nun in den Haftzellen des Polizeipr\u00e4sidiums Frankfurt.<\/p>\n","protected":false},"excerpt":{"rendered":"Durchsuchung im Hotelzimmer Im Bahnhofsviertel: Polizei fasst Drogendealer 23.04.2025 &#8211; 13:38 UhrLesedauer: 1 Min. Polizei im Bahnhofsviertel (Archivfoto):&hellip;\n","protected":false},"author":2,"featured_media":54625,"comment_status":"","ping_status":"","sticky":false,"template":"","format":"standard","meta":{"footnotes":""},"categories":[1829],"tags":[7025,29,433,4417,2050,2051,30,2052,25728,121,1442,1997],"class_list":{"0":"post-54624","1":"post","2":"type-post","3":"status-publish","4":"format-standard","5":"has-post-thumbnail","7":"category-frankfurt-am-main","8":"tag-bahnhofsviertel","9":"tag-deutschland","10":"tag-drogen","11":"tag-durchsuchung","12":"tag-frankfurt","13":"tag-frankfurt-am-main","14":"tag-germany","15":"tag-hessen","16":"tag-hotelzimmer","17":"tag-polizei","18":"tag-razzia","19":"tag-staatsanwaltschaft"},"share_on_mastodon":{"url":"https:\/\/pubeurope.com\/@de\/114387116679709704","error":""},"_links":{"self":[{"href":"https:\/\/www.europesays.com\/de\/wp-json\/wp\/v2\/posts\/54624","targetHints":{"allow":["GET"]}}],"collection":[{"href":"https:\/\/www.europesays.com\/de\/wp-json\/wp\/v2\/posts"}],"about":[{"href":"https:\/\/www.europesays.com\/de\/wp-json\/wp\/v2\/types\/post"}],"author":[{"embeddable":true,"href":"https:\/\/www.europesays.com\/de\/wp-json\/wp\/v2\/users\/2"}],"replies":[{"embeddable":true,"href":"https:\/\/www.europesays.com\/de\/wp-json\/wp\/v2\/comments?post=54624"}],"version-history":[{"count":0,"href":"https:\/\/www.europesays.com\/de\/wp-json\/wp\/v2\/posts\/54624\/revisions"}],"wp:featuredmedia":[{"embeddable":true,"href":"https:\/\/www.europesays.com\/de\/wp-json\/wp\/v2\/media\/54625"}],"wp:attachment":[{"href":"https:\/\/www.europesays.com\/de\/wp-json\/wp\/v2\/media?parent=54624"}],"wp:term":[{"taxonomy":"category","embeddable":true,"href":"https:\/\/www.europesays.com\/de\/wp-json\/wp\/v2\/categories?post=54624"},{"taxonomy":"post_tag","embeddable":true,"href":"https:\/\/www.europesays.com\/de\/wp-json\/wp\/v2\/tags?post=54624"}],"curies":[{"name":"wp","href":"https:\/\/api.w.org\/{rel}","templated":true}]}}