{"id":546242,"date":"2025-11-02T21:54:21","date_gmt":"2025-11-02T21:54:21","guid":{"rendered":"https:\/\/www.europesays.com\/de\/546242\/"},"modified":"2025-11-02T21:54:21","modified_gmt":"2025-11-02T21:54:21","slug":"so-war-der-letzte-termin-des-jahres","status":"publish","type":"post","link":"https:\/\/www.europesays.com\/de\/546242\/","title":{"rendered":"So war der letzte Termin des Jahres"},"content":{"rendered":"<p class=\"text_ohne_einzug richtext text-em-55 !leading-serif mx-6 desktop:mx-0\"> Dass die Fischmarkt-Saison in diesem Jahr endete, wie sie begann, kann man einerseits eher nicht sagen. Andererseits zeigte sich auch an diesem h\u00fcbschen Herbstsonntag, wieso der Markt so beliebt ist \u2013 wegen seiner Vielfalt.<\/p>\n<p class=\"richtext text-em-55 !leading-serif mx-6 desktop:mx-0\">Auf dem Gel\u00e4nde am Tonhallenufer standen einmal mehr zahlreiche Getr\u00e4nke- und Essensst\u00e4nde, deren Angebot weit \u00fcber den Namensgeber <a href=\"https:\/\/rp-online.de\/thema\/fisch\/\" rel=\"nofollow noopener\" target=\"_blank\">Fisch<\/a> hinausgeht. Es wurden sizilianische Arancini angeboten, Empanadas, Flank-Steak und Cr\u00eapes. Und das ist nur eine denkbar kleine Auswahl. F\u00fcr Pia und Jan jedoch waren es Kibbelinge mit Remoulade und ein Matjesbr\u00f6tchen mit Zwiebeln. \u201eWir essen immer Fisch, wenn wir hier sind\u201c, sagte Pia. F\u00fcr sie geh\u00f6re das zum Besuch dazu, genau so wie das ges\u00e4ttigte Schlendern am <a href=\"https:\/\/rp-online.de\/thema\/rhein\/\" rel=\"nofollow noopener\" target=\"_blank\">Rhein<\/a> entlang. Was f\u00fcr sie eher nicht dazugeh\u00f6rt, sind der Wein und die Party.<\/p>\n<p class=\"richtext text-em-55 !leading-serif mx-6 desktop:mx-0\">Denn die Vielfalt des Fischmarkts zeigt sich auch daran, dass manche die Veranstaltung wohl in erster Linie damit verbinden. Und zum Auftakt im April war der Fischmarkt dann direkt etwas zu gut besucht. Die Fl\u00e4che am Unteren Rheinwerft war ab dem Nachmittag so \u00fcberf\u00fcllt gewesen, dass die Veranstalter reagieren mussten. So stellten sie die Musik ab und lie\u00dfen keine neuen G\u00e4ste mehr auf das Gel\u00e4nde. Stattdessen baten sie \u00fcber Lautsprecherdurchsagen die Besucher, die Fl\u00e4che zu verlassen. Als Reaktion darauf wurde damals ein bestimmter DJ-Stand f\u00fcr die noch ausstehenden Fischm\u00e4rkte gestrichen. Dessen Musikprogramm ziehe einfach zu viele Leute an, hie\u00df es damals vonseiten der Veranstalter.<\/p>\n<p class=\"richtext text-em-55 !leading-serif mx-6 desktop:mx-0\">Trotz des etwas holprigen Starts, blickt Veranstalterin Gabriela Picariello von der Agentur Rheinlust auf ein aus ihrer Sicht erfolgreiches Fischmarktjahr zur\u00fcck, \u201ewie die 26 Jahre zuvor auch schon\u201c, so Picariello. \u201eDer April war ein Highlight und gleichzeitig die schwierigste Situation\u201c, sagte die Organisatorin. Einerseits sei es \u201etoll, dass so viele Leute den Fischmarkt lieben\u201c. Andererseits habe die Situation die Organisatoren vor die Aufgabe gestellt, \u201eein neues Sicherheitskonzept zu entwickeln, das ab Mai super funktioniert hat\u201c, wie Picariello sagte. \u201eEs kann sein, dass durch den April-Termin der eine oder andere etwas verschreckt war\u201c, sch\u00e4tzt sie. \u201eDoch langsam kommen die Leute wieder, weil sie wissen, dass es bei uns vern\u00fcnftig zugeht.\u201c Hilfreich daf\u00fcr seien sicherlich auch die Einlasskontrollen, die auch am vergangenen Sonntag wieder stattfanden, wo an den Zug\u00e4ngen die Taschen kontrolliert wurden. H\u00e4tte sich wieder ein Ansturm wie im April angek\u00fcndigt, h\u00e4tte z\u00fcgig reagiert werden k\u00f6nnen.<\/p>\n<p class=\"richtext text-em-55 !leading-serif mx-6 desktop:mx-0\">Zumindest bis zum fr\u00fchen Sonntagnachmittag war das beim Abschlussmarkt allerdings gar nicht n\u00f6tig. Zwar war der Markt gut besucht, doch das Schlendern durch die Reihen war ohne Probleme m\u00f6glich und angenehm. Zun\u00e4chst bildeten sich kleine Schlangen, mehr noch vor den Imbissst\u00e4nden als vor den Weinbuden. Die von mehreren \u00fcber das Gel\u00e4nde verteilten DJs gespielte Musik war da auch noch recht zur\u00fcckhaltend in der Lautst\u00e4rke, Freunde elektronischer B\u00e4sse sammelten sich vor allem in Richtung Oberkasseler Br\u00fccke \u2013 allerdings auch meist noch sitzend statt tanzend.<\/p>\n<p class=\"richtext text-em-55 !leading-serif mx-6 desktop:mx-0\">Soweit, so wenig \u00fcberraschend, schlie\u00dflich war es noch fr\u00fch. Was dann doch etwas f\u00fcr Verwunderung sorgte, waren die \u201eVorbereitungen\u201c f\u00fcr das n\u00e4chste D\u00fcsseldorfer Highlight \u2013 die Weihnachtsm\u00e4rkte. An einem Stand war der DJ im Weihnachtsmann-Kost\u00fcm gekleidet und spielte den einen oder anderen Weihnachtshit. An einigen St\u00e4nden gab es auch schon Gl\u00fchwein oder Gl\u00fch-Aperol und Gl\u00fch-Gin. Bei h\u00e4ufig durchkommendem Sonnenschein und wenigstens in der Sonne recht warmen Temperaturen war das wohl noch nicht f\u00fcr alle die passende Stimmung. \u201eDie legen aber fr\u00fch los\u201c, sagte ein Mann im Vorbeigehen und sch\u00fcttelte den Kopf.<\/p>\n<p class=\"richtext text-em-55 !leading-serif mx-6 desktop:mx-0\">Mit Blick auf die n\u00e4chste Saison k\u00fcndigte Veranstalterin Gabriela Picariello schon an, dass sie etwas am Musikprogramm feilen wolle, \u201eum f\u00fcr unterschiedliche Zielgruppen was zu haben, was nebeneinander bestehen kann\u201c, sagte sie. Bei den Essens- und Getr\u00e4nkeangeboten soll es weiterhin vielf\u00e4ltig zugehen, mit einer Mischung aus neuen und alteingesessenen Anbietern. \u201eViele haben ja ihre Lieblingsst\u00e4nde\u201c, so Picariello, \u201eda wollen die auch wieder hin\u201c.<\/p>\n","protected":false},"excerpt":{"rendered":"Dass die Fischmarkt-Saison in diesem Jahr endete, wie sie begann, kann man einerseits eher nicht sagen. Andererseits zeigte&hellip;\n","protected":false},"author":2,"featured_media":546243,"comment_status":"","ping_status":"","sticky":false,"template":"","format":"standard","meta":{"footnotes":""},"categories":[1831],"tags":[3364,29,3405,9587,133050,133049,133048,13652,30,2549,1209,9586,10144],"class_list":{"0":"post-546242","1":"post","2":"type-post","3":"status-publish","4":"format-standard","5":"has-post-thumbnail","7":"category-duesseldorf","8":"tag-de","9":"tag-deutschland","10":"tag-duesseldorf","11":"tag-fischmarkt","12":"tag-fischmaerkte","13":"tag-fischmarktfischmarktfischmarkt","14":"tag-fischmarktjahr","15":"tag-flaeche","16":"tag-germany","17":"tag-leute","18":"tag-nordrhein-westfalen","19":"tag-picariello","20":"tag-situation"},"share_on_mastodon":{"url":"","error":""},"_links":{"self":[{"href":"https:\/\/www.europesays.com\/de\/wp-json\/wp\/v2\/posts\/546242","targetHints":{"allow":["GET"]}}],"collection":[{"href":"https:\/\/www.europesays.com\/de\/wp-json\/wp\/v2\/posts"}],"about":[{"href":"https:\/\/www.europesays.com\/de\/wp-json\/wp\/v2\/types\/post"}],"author":[{"embeddable":true,"href":"https:\/\/www.europesays.com\/de\/wp-json\/wp\/v2\/users\/2"}],"replies":[{"embeddable":true,"href":"https:\/\/www.europesays.com\/de\/wp-json\/wp\/v2\/comments?post=546242"}],"version-history":[{"count":0,"href":"https:\/\/www.europesays.com\/de\/wp-json\/wp\/v2\/posts\/546242\/revisions"}],"wp:featuredmedia":[{"embeddable":true,"href":"https:\/\/www.europesays.com\/de\/wp-json\/wp\/v2\/media\/546243"}],"wp:attachment":[{"href":"https:\/\/www.europesays.com\/de\/wp-json\/wp\/v2\/media?parent=546242"}],"wp:term":[{"taxonomy":"category","embeddable":true,"href":"https:\/\/www.europesays.com\/de\/wp-json\/wp\/v2\/categories?post=546242"},{"taxonomy":"post_tag","embeddable":true,"href":"https:\/\/www.europesays.com\/de\/wp-json\/wp\/v2\/tags?post=546242"}],"curies":[{"name":"wp","href":"https:\/\/api.w.org\/{rel}","templated":true}]}}