{"id":54626,"date":"2025-04-23T11:47:11","date_gmt":"2025-04-23T11:47:11","guid":{"rendered":"https:\/\/www.europesays.com\/de\/54626\/"},"modified":"2025-04-23T11:47:11","modified_gmt":"2025-04-23T11:47:11","slug":"frankfurt-warnt-vor-eichenprozessionsspinner-gefahr-fuer-baum-und-mensch","status":"publish","type":"post","link":"https:\/\/www.europesays.com\/de\/54626\/","title":{"rendered":"Frankfurt warnt vor Eichenprozessionsspinner-Gefahr \u2013 f\u00fcr Baum und Mensch"},"content":{"rendered":"<p>Ohne Hubschraubereins\u00e4tze <\/p>\n<p>Vor dieser Gefahr warnt die Stadt Frankfurt die Bev\u00f6lkerung<\/p>\n<p>23.04.2025 &#8211; 13:16 UhrLesedauer: 1 Min.<\/p>\n<p><a href=\"#focus-0\" class=\"transition-colors duration-200 focus-within:text-magenta block text-current relative\" data-sctrack=\"FocusGalleryImage.Reference\"><img fetchpriority=\"high\" data-testid=\"Opener.Image\" style=\"--lqipURL:url('https:\/\/images.t-online.de\/2025\/04\/1JJpluInU-58\/0x209:4000x2250\/fit-in\/150x0\/filters:blur(25)\/eichenprozessionsspinner-symbolbild-die-stadt-frankfurt-verzichtet-bei-der-bekaempfung-auf-hubschraubereinsaetze.jpg')\"   loading=\"eager\" src=\"https:\/\/www.europesays.com\/de\/wp-content\/uploads\/2025\/04\/eichenprozessionsspinner-symbolbild-die-stadt-frankfurt-verzichtet-bei-der-bekaempfung-auf-hubschrau.jpeg\" alt=\"imago images 0259303019\" title=\"imago images 0259303019\" width=\"4000\" height=\"2250\" class=\"bg-[url:var(--lqipURL)] bg-cover bg-center flex w-full max-w-full h-full\" decoding=\"async\"\/><img style=\"--width:32;--height:32\" loading=\"lazy\" src=\"https:\/\/www.europesays.com\/de\/wp-content\/uploads\/2025\/04\/1745049674_75_zoom-in.f7dae02f.svg.svg+xml\" alt=\"Vergr\u00f6\u00dfern des Bildes\" title=\"Vergr\u00f6\u00dfern des Bildes\" class=\"&#10;        block&#10;        h-[calc(var(--height)_\/_16_*_1rem)]&#10;        w-[calc(var(--width)_\/_16_*_1rem)]&#10;        max-w-none&#10;        absolute bottom-8 right-8 rounded-4 bg-snow p-8\" decoding=\"async\"\/><\/a><\/p>\n<p>Eichenprozessionsspinner (Symbolbild): Die Stadt Frankfurt verzichtet bei der Bek\u00e4mpfung auf Hubschraubereins\u00e4tze. (Quelle: IMAGO\/Robert Poorten)<\/p>\n<p class=\"font-bold text-18 leading-17\">Das Gr\u00fcnfl\u00e4chenamt startet eine Intervention gegen die Eichenprozessionsspinner. Was geplant ist und f\u00fcr wen sie eine Gefahr sind.<\/p>\n<p class=\"text-18 leading-17\">Das Gr\u00fcnfl\u00e4chenamt hat mit der Behandlung von rund 6.400 Eichen begonnen. Ziel ist es, die Ausbreitung des Eichenprozessionsspinners einzud\u00e4mmen. Diese Schmetterlingsraupe stellt nicht nur f\u00fcr die B\u00e4ume ein Problem dar. Durch ihre Brennhaare bergen sie auch f\u00fcr Menschen gesundheitliche Risiken. Daher konzentriert sich die Behandlung auf \u00f6ffentliche Bereiche mit hohem Besucherverkehr, wie Spielpl\u00e4tze und Gr\u00fcnanlagen.<\/p>\n<p class=\"text-18 leading-17\">Aufgrund der r\u00fcckl\u00e4ufigen Best\u00e4nde des Sch\u00e4dlings wird in diesem Jahr auf eine Bek\u00e4mpfung aus der Luft verzichtet. Stattdessen erfolgt die Behandlung vom Boden aus und ist auf Siedlungsbereiche beschr\u00e4nkt. Das verwendete Mittel zielt selektiv auf die fr\u00fchen Raupenstadien ab und ist f\u00fcr Menschen ungef\u00e4hrlich, da es auf dem nat\u00fcrlichen Bakterium &#8222;Bacillus thurigiensis&#8220; basiert.<\/p>\n<p class=\"text-18 leading-17\">Die Entscheidung gegen den Einsatz von Hubschraubern betrifft insbesondere den Stadtwald, wo man die Entwicklung der Sch\u00e4dlinge weiterhin beobachtet. Bei Bedarf werden waldnahe Gebiete ebenfalls vom Boden aus behandelt.<\/p>\n<p>Sollten dennoch Nester oder Raupen entdeckt werden, \u00fcbernimmt das Gr\u00fcnfl\u00e4chenamt deren Entfernung durch Fachfirmen. Privatpersonen wird dringend davon abgeraten, die Nester selbst zu entfernen. Weitere Informationen sowie Unterst\u00fctzung erhalten Anwohner \u00fcber das Umwelttelefon des Amts unter der Nummer 069\/212-39100. Dort k\u00f6nnen private Grundst\u00fcckseigent\u00fcmer auch Adressen von Spezialfirmen erfragen.<\/p>\n","protected":false},"excerpt":{"rendered":"Ohne Hubschraubereins\u00e4tze Vor dieser Gefahr warnt die Stadt Frankfurt die Bev\u00f6lkerung 23.04.2025 &#8211; 13:16 UhrLesedauer: 1 Min. Eichenprozessionsspinner&hellip;\n","protected":false},"author":2,"featured_media":54627,"comment_status":"","ping_status":"","sticky":false,"template":"","format":"standard","meta":{"footnotes":""},"categories":[1829],"tags":[722,3092,29,2050,2051,30,20995,2052,25729],"class_list":{"0":"post-54626","1":"post","2":"type-post","3":"status-publish","4":"format-standard","5":"has-post-thumbnail","7":"category-frankfurt-am-main","8":"tag-722","9":"tag-3092","10":"tag-deutschland","11":"tag-frankfurt","12":"tag-frankfurt-am-main","13":"tag-germany","14":"tag-gruenflaechenamt","15":"tag-hessen","16":"tag-hubschraubereinsatz"},"share_on_mastodon":{"url":"https:\/\/pubeurope.com\/@de\/114387120560831195","error":""},"_links":{"self":[{"href":"https:\/\/www.europesays.com\/de\/wp-json\/wp\/v2\/posts\/54626","targetHints":{"allow":["GET"]}}],"collection":[{"href":"https:\/\/www.europesays.com\/de\/wp-json\/wp\/v2\/posts"}],"about":[{"href":"https:\/\/www.europesays.com\/de\/wp-json\/wp\/v2\/types\/post"}],"author":[{"embeddable":true,"href":"https:\/\/www.europesays.com\/de\/wp-json\/wp\/v2\/users\/2"}],"replies":[{"embeddable":true,"href":"https:\/\/www.europesays.com\/de\/wp-json\/wp\/v2\/comments?post=54626"}],"version-history":[{"count":0,"href":"https:\/\/www.europesays.com\/de\/wp-json\/wp\/v2\/posts\/54626\/revisions"}],"wp:featuredmedia":[{"embeddable":true,"href":"https:\/\/www.europesays.com\/de\/wp-json\/wp\/v2\/media\/54627"}],"wp:attachment":[{"href":"https:\/\/www.europesays.com\/de\/wp-json\/wp\/v2\/media?parent=54626"}],"wp:term":[{"taxonomy":"category","embeddable":true,"href":"https:\/\/www.europesays.com\/de\/wp-json\/wp\/v2\/categories?post=54626"},{"taxonomy":"post_tag","embeddable":true,"href":"https:\/\/www.europesays.com\/de\/wp-json\/wp\/v2\/tags?post=54626"}],"curies":[{"name":"wp","href":"https:\/\/api.w.org\/{rel}","templated":true}]}}