{"id":546270,"date":"2025-11-02T22:09:14","date_gmt":"2025-11-02T22:09:14","guid":{"rendered":"https:\/\/www.europesays.com\/de\/546270\/"},"modified":"2025-11-02T22:09:14","modified_gmt":"2025-11-02T22:09:14","slug":"tatort-aus-berlin-so-war-die-neue-folge-erika-mustermann","status":"publish","type":"post","link":"https:\/\/www.europesays.com\/de\/546270\/","title":{"rendered":"Tatort aus Berlin: So war die neue Folge \u00abErika Mustermann\u00bb"},"content":{"rendered":"<p>TV-Kritik \u00abTatort\u00bb \u2013 <\/p>\n<p>In diesem Politthriller aus Berlin kommt die Action zu sp\u00e4t<\/p>\n<p class=\"ContentHead_lead____SsS link_regular__O0hk0 link_externalicon-big__ZdPgo link_externalicon__qcwXs\">In \u00abErika Mustermann\u00bb wird ein venezolanischer Lieferdienstfahrer ermordet, der von der deutschen Staatsb\u00fcrgerschaft tr\u00e4umte. So politisch dieser Krimi auch ist, er packt einen irgendwie nicht richtig.<\/p>\n<p>Ann-Marlen Hoolt<\/p>\n<p>Publiziert heute um 21:30 Uhr<img decoding=\"async\" loading=\"eager\" fetchpriority=\"high\" src=\"https:\/\/www.europesays.com\/de\/wp-content\/uploads\/2025\/11\/8VAtYCKva6zAsanyMiiVj0.jpg\" alt=\"Susanne Bonard (Corinna Harfouch) und Robert Karow (Mark Waschke) sitzen in einem Auto und schauen ernst aus dem Fenster.\" title=\"Susanne Bonard (Corinna Harfouch) und Robert Karow (Mark Waschke) sitzen in einem Auto und schauen ernst aus dem Fenster.\" class=\"ResponsiveImage_root__ZDz10 responsive-image\" style=\"background-color:#6F806D\"\/><\/p>\n<p>Auch nicht gerade aufregend: Susanne Bonard (Corinna Harfouch) und Robert Karow (Mark Waschke) observieren die Bundesdruckerei in Berlin.<\/p>\n<p>Foto: Hardy Spitz, rbb \/ Schiwago<\/p>\n<p class=\"ArticleParagraph_root__lhFZo ArticleContainer_content-width__FRl7F link_focus__0ZMwx link_externalicon-big__ZdPgo link_externalicon__qcwXs ArticleElement_article-element__q93eL\">Es gibt viel, was die \u00d6ffentlichkeit \u00fcber Erika Mustermann weiss: etwa, dass sie schon \u00fcber 80 ist, aber noch fit genug, um sowohl einen Triebfahrzeug- als auch einen Sportbootf\u00fchrerschein zu besitzen. Oder dass ihr Geburtsname Gabler lautet. Dass sie blond ist, gr\u00fcne Augen hat und 1,60 Meter gross ist. Was wir jedoch nicht wissen, ist, ob Erika Mustermann am Sonntagabend den \u00abTatort\u00bb einschaltet. Passen w\u00fcrde es zu dieser Personifikation einer Durchschnittsdeutschen. \u00abTatort\u00bb-Muffeligkeit aber auch.<\/p>\n<p class=\"ReducedArticleOverlay_reducedmessage__PhCWp ArticleContainer_content-width__FRl7F\">Um diesen Artikel vollst\u00e4ndig lesen zu k\u00f6nnen, ben\u00f6tigen Sie ein Abo.<\/p>\n<p><a href=\"https:\/\/abo-digital.tagesanzeiger.ch\/checkout\/classic\" class=\"Button_root__QZUpH Button_-primary__W1s_H ReducedArticleOverlay_abobutton__Mm_XC\" target=\"_self\" rel=\"nofollow noopener\">Abo abschliessen<\/a>Bereits registriert oder Abonnent:in?<a href=\"https:\/\/abo-digital.tagesanzeiger.ch\/identity-service\/auth\/authorize?source_client=web&amp;response_type=token&amp;redirect_uri=https%3A%2F%2Fwww.tagesanzeiger.ch%2F&amp;source=paywallinline\" class=\"ReducedArticleOverlay_loginlink__FmOz2\" rel=\"nofollow noopener\" target=\"_blank\">Login<\/a><\/p>\n","protected":false},"excerpt":{"rendered":"TV-Kritik \u00abTatort\u00bb \u2013 In diesem Politthriller aus Berlin kommt die Action zu sp\u00e4t In \u00abErika Mustermann\u00bb wird ein&hellip;\n","protected":false},"author":2,"featured_media":546271,"comment_status":"","ping_status":"","sticky":false,"template":"","format":"standard","meta":{"footnotes":""},"categories":[1825],"tags":[296,29,5178,30],"class_list":{"0":"post-546270","1":"post","2":"type-post","3":"status-publish","4":"format-standard","5":"has-post-thumbnail","7":"category-berlin","8":"tag-berlin","9":"tag-deutschland","10":"tag-dyn-locked","11":"tag-germany"},"share_on_mastodon":{"url":"https:\/\/pubeurope.com\/@de\/115482392462451808","error":""},"_links":{"self":[{"href":"https:\/\/www.europesays.com\/de\/wp-json\/wp\/v2\/posts\/546270","targetHints":{"allow":["GET"]}}],"collection":[{"href":"https:\/\/www.europesays.com\/de\/wp-json\/wp\/v2\/posts"}],"about":[{"href":"https:\/\/www.europesays.com\/de\/wp-json\/wp\/v2\/types\/post"}],"author":[{"embeddable":true,"href":"https:\/\/www.europesays.com\/de\/wp-json\/wp\/v2\/users\/2"}],"replies":[{"embeddable":true,"href":"https:\/\/www.europesays.com\/de\/wp-json\/wp\/v2\/comments?post=546270"}],"version-history":[{"count":0,"href":"https:\/\/www.europesays.com\/de\/wp-json\/wp\/v2\/posts\/546270\/revisions"}],"wp:featuredmedia":[{"embeddable":true,"href":"https:\/\/www.europesays.com\/de\/wp-json\/wp\/v2\/media\/546271"}],"wp:attachment":[{"href":"https:\/\/www.europesays.com\/de\/wp-json\/wp\/v2\/media?parent=546270"}],"wp:term":[{"taxonomy":"category","embeddable":true,"href":"https:\/\/www.europesays.com\/de\/wp-json\/wp\/v2\/categories?post=546270"},{"taxonomy":"post_tag","embeddable":true,"href":"https:\/\/www.europesays.com\/de\/wp-json\/wp\/v2\/tags?post=546270"}],"curies":[{"name":"wp","href":"https:\/\/api.w.org\/{rel}","templated":true}]}}