{"id":546292,"date":"2025-11-02T22:22:17","date_gmt":"2025-11-02T22:22:17","guid":{"rendered":"https:\/\/www.europesays.com\/de\/546292\/"},"modified":"2025-11-02T22:22:17","modified_gmt":"2025-11-02T22:22:17","slug":"dassault-chef-trappier-an-ihm-haengt-europas-groesstes-ruestungsprojekt","status":"publish","type":"post","link":"https:\/\/www.europesays.com\/de\/546292\/","title":{"rendered":"Dassault-Chef Trappier: An ihm h\u00e4ngt Europas gr\u00f6\u00dftes R\u00fcstungsprojekt"},"content":{"rendered":"<p>FAZ+Dassault-Chef Trappier : <\/p>\n<p>An ihm h\u00e4ngt Europas gr\u00f6\u00dftes R\u00fcstungsprojekt<\/p>\n<p>02.11.2025, 19:48Lesezeit: 7 Min.<\/p>\n<p><img decoding=\"async\" alt=\"Eric Trappier, 65, steht seit 2013 an der Spitze von Dassault Aviations\" fetchpriority=\"high\" height=\"3000\" loading=\"eager\"  src=\"https:\/\/www.europesays.com\/de\/wp-content\/uploads\/2025\/11\/eric-trappier-65-steht-seit.jpg\" width=\"2001\" class=\"flex h-auto w-full\" tabindex=\"0\" data-selector=\"header-teaser-image\"\/>Bildbeschreibung ausklappen<\/p>\n<p>Eric Trappier, 65, steht seit 2013 an der Spitze von Dassault AviationsFrancois Bouchon\/Le Figaro\/laif<\/p>\n<p class=\"xs:p1-intro sm:p1-intro-medium flex items-start gap-[10px] pb-[30px]\" data-external-selector=\"header-teaser\">Dassault-Chef Eric Trappier verk\u00f6rpert Frankreichs Stolz auf die eigenen Flugzeuge. Zusammen mit deutschen Unternehmen soll er einen neuen Kampfjet bauen. Das l\u00e4uft gerade nicht so gut.<\/p>\n","protected":false},"excerpt":{"rendered":"FAZ+Dassault-Chef Trappier : An ihm h\u00e4ngt Europas gr\u00f6\u00dftes R\u00fcstungsprojekt 02.11.2025, 19:48Lesezeit: 7 Min. Bildbeschreibung ausklappen Eric Trappier, 65,&hellip;\n","protected":false},"author":2,"featured_media":546293,"comment_status":"","ping_status":"","sticky":false,"template":"","format":"standard","meta":{"footnotes":""},"categories":[134],"tags":[175,170,169,29,30,171,174,173,172],"class_list":{"0":"post-546292","1":"post","2":"type-post","3":"status-publish","4":"format-standard","5":"has-post-thumbnail","7":"category-unternehmen-maerkte","8":"tag-business","9":"tag-companies","10":"tag-companies-markets","11":"tag-deutschland","12":"tag-germany","13":"tag-markets","14":"tag-maerkte","15":"tag-unternehmen","16":"tag-unternehmen-maerkte"},"share_on_mastodon":{"url":"https:\/\/pubeurope.com\/@de\/115482444589321697","error":""},"_links":{"self":[{"href":"https:\/\/www.europesays.com\/de\/wp-json\/wp\/v2\/posts\/546292","targetHints":{"allow":["GET"]}}],"collection":[{"href":"https:\/\/www.europesays.com\/de\/wp-json\/wp\/v2\/posts"}],"about":[{"href":"https:\/\/www.europesays.com\/de\/wp-json\/wp\/v2\/types\/post"}],"author":[{"embeddable":true,"href":"https:\/\/www.europesays.com\/de\/wp-json\/wp\/v2\/users\/2"}],"replies":[{"embeddable":true,"href":"https:\/\/www.europesays.com\/de\/wp-json\/wp\/v2\/comments?post=546292"}],"version-history":[{"count":0,"href":"https:\/\/www.europesays.com\/de\/wp-json\/wp\/v2\/posts\/546292\/revisions"}],"wp:featuredmedia":[{"embeddable":true,"href":"https:\/\/www.europesays.com\/de\/wp-json\/wp\/v2\/media\/546293"}],"wp:attachment":[{"href":"https:\/\/www.europesays.com\/de\/wp-json\/wp\/v2\/media?parent=546292"}],"wp:term":[{"taxonomy":"category","embeddable":true,"href":"https:\/\/www.europesays.com\/de\/wp-json\/wp\/v2\/categories?post=546292"},{"taxonomy":"post_tag","embeddable":true,"href":"https:\/\/www.europesays.com\/de\/wp-json\/wp\/v2\/tags?post=546292"}],"curies":[{"name":"wp","href":"https:\/\/api.w.org\/{rel}","templated":true}]}}