{"id":54630,"date":"2025-04-23T11:49:12","date_gmt":"2025-04-23T11:49:12","guid":{"rendered":"https:\/\/www.europesays.com\/de\/54630\/"},"modified":"2025-04-23T11:49:12","modified_gmt":"2025-04-23T11:49:12","slug":"chlodwigplatz-kreisverkehr-soll-umgestaltet-werden-falschparker","status":"publish","type":"post","link":"https:\/\/www.europesays.com\/de\/54630\/","title":{"rendered":"Chlodwigplatz-Kreisverkehr soll umgestaltet werden \u2013 Falschparker"},"content":{"rendered":"<p>Neuer Vorsto\u00df <\/p>\n<p>Chlodwigplatz: Kreisverkehr soll umgestaltet werden<\/p>\n<p>23.04.2025 &#8211; 13:39 UhrLesedauer: 2 Min.<\/p>\n<p><a href=\"#focus-0\" class=\"transition-colors duration-200 focus-within:text-magenta block text-current relative\" data-sctrack=\"FocusGalleryImage.Reference\"><img fetchpriority=\"high\" data-testid=\"Opener.Image\" style=\"--lqipURL:url('https:\/\/images.t-online.de\/2025\/04\/ubineIOK6rGu\/0x375:4000x2250\/fit-in\/150x0\/filters:blur(25)\/der-kreisverkehr-am-chlodwigplatz-in-koeln-haeufig-parken-dort-einsatzfahrzeuge-der-kvb-die-gruenen-wollen-das-aendern.jpg')\"   loading=\"eager\" src=\"https:\/\/www.europesays.com\/de\/wp-content\/uploads\/2025\/04\/der-kreisverkehr-am-chlodwigplatz-in-koeln-haeufig-parken-dort-einsatzfahrzeuge-der-kvb-die-gruenen-.jpeg\" alt=\"Der Kreisverkehr am Chlodwigplatz in K\u00f6ln: H\u00e4ufig parken dort Einsatzfahrzeuge der KVB. Die Gr\u00fcnen wollen das \u00e4ndern.\" title=\"Der Kreisverkehr am Chlodwigplatz in K\u00f6ln: H\u00e4ufig parken dort Einsatzfahrzeuge der KVB. Die Gr\u00fcnen wollen das \u00e4ndern.\" width=\"4000\" height=\"2250\" class=\"bg-[url:var(--lqipURL)] bg-cover bg-center flex w-full max-w-full h-full\" decoding=\"async\"\/><img style=\"--width:32;--height:32\" loading=\"lazy\" src=\"https:\/\/www.europesays.com\/de\/wp-content\/uploads\/2025\/03\/zoom-in.f7dae02f.svg.svg+xml\" alt=\"Vergr\u00f6\u00dfern des Bildes\" title=\"Vergr\u00f6\u00dfern des Bildes\" class=\"&#10;        block&#10;        h-[calc(var(--height)_\/_16_*_1rem)]&#10;        w-[calc(var(--width)_\/_16_*_1rem)]&#10;        max-w-none&#10;        absolute bottom-8 right-8 rounded-4 bg-snow p-8\" decoding=\"async\"\/><\/a><\/p>\n<p>Der Kreisverkehr am Chlodwigplatz in K\u00f6ln: H\u00e4ufig parken dort Einsatzfahrzeuge der KVB. Die Gr\u00fcnen wollen das \u00e4ndern. (Quelle: Sebastian Hahn)<\/p>\n<p class=\"font-bold text-18 leading-17\">Falschparker am Chlodwigplatz sorgen zunehmend f\u00fcr \u00c4rger. Ein neuer Antrag soll den Kreisverkehr nachhaltig ver\u00e4ndern.<\/p>\n<p class=\"text-18 leading-17\">Der <a class=\"transition-colors duration-200 cursor-pointer text-inherit no-underline text-salemsfur md:hover:text-magenta md:hover:border-magenta md:focus:text-magenta border-current border-b border-solid break-words\" href=\"https:\/\/www.t-online.de\/region\/koeln\/id_100496030\/koeln-diese-grossbaustellen-beeintraechtigen-den-nahverkehr.html\" data-sctrack=\"BodyAnchor\" target=\"_blank\" rel=\"noopener\">Chlodwigplatz in der S\u00fcdstadt<\/a> soll in den kommenden Monaten entscheidend umgestaltet werden. Das geht aus einem breit unterst\u00fctzten Antrag in der Bezirksvertretung Innenstadt hervor. Hintergrund sind vor allem Falschparker, die den dortigen Kreisverkehr illegal als Stellfl\u00e4che nutzen und die Gr\u00fcnfl\u00e4che nachhaltig besch\u00e4digt haben.<\/p>\n<p class=\"text-18 leading-17\">Der Antrag von Gr\u00fcnen, <a class=\"transition-colors duration-200 cursor-pointer text-inherit no-underline text-salemsfur md:hover:text-magenta md:hover:border-magenta md:focus:text-magenta border-current border-b border-solid break-words\" href=\"https:\/\/www.t-online.de\/themen\/spd\/\" data-sctrack=\"BodyAnchor\" target=\"_blank\" rel=\"noopener\">SPD<\/a>, der Linken und den Klimafreunden hat in der Bezirksvertretung eine eindeutige Mehrheit und k\u00f6nnte bereits zeitnah zu Ver\u00e4nderungen an dem viel befahrenen Abschnitt der K\u00f6lner Ringe f\u00fchren. Auch die <a class=\"transition-colors duration-200 cursor-pointer text-inherit no-underline text-salemsfur md:hover:text-magenta md:hover:border-magenta md:focus:text-magenta border-current border-b border-solid break-words\" href=\"https:\/\/www.t-online.de\/region\/koeln\/id_100684434\/koeln-kvb-verraet-trick-in-allen-buslinien-moeglich.html\" data-sctrack=\"BodyAnchor\" target=\"_blank\" rel=\"noopener\">K\u00f6lner Verkehrs-Betriebe (KVB)<\/a> w\u00e4ren von einem m\u00f6glichen Beschluss betroffen.<\/p>\n<p class=\"text-18 leading-17\">Das Vier-Parteien-B\u00fcndnis fordert, dass Einsatzfahrzeuge der KVB nur in Notf\u00e4llen im Kreisverkehr parken sollen. H\u00e4ufig nutzen diese den Kreisverkehr als Parkplatz, um in der N\u00e4he notwendige Arbeiten durchzuf\u00fchren. K\u00fcnftig soll dies nur als letzte Option geschehen. Die Parkplatzsituation in der S\u00fcdstadt ist angespannt, sodass es selten freie Stellfl\u00e4chen gibt.<\/p>\n<p class=\"text-18 leading-17\">Weiterhin will die Bezirksvertetung gemeinsam mit der KVB pr\u00fcfen lassen, inwiefern zus\u00e4tzliche Ma\u00dfnahmen m\u00f6glich sind. So sollen Findlinge auf dem Kreisverkehr platziert werden, um Falschparkern gar nicht erst die Gelegenheit zu bieten, ihr Auto dort abzustellen. Diese sollen allerdings eine H\u00f6he von 50 Zentimetern nicht \u00fcberschreiten, um den Blick von der Bonner Stra\u00dfe auf die Severinstorburg nicht einzuschr\u00e4nken.<\/p>\n<p class=\"text-18 leading-17\">Um der KVB weiterhin Parkpl\u00e4tze f\u00fcr Noteins\u00e4tze zu bieten, soll in der N\u00e4he eine Lade- und Lieferzone f\u00fcr f\u00fcnf Fahrzeuge eingerichtet werden. Dies k\u00f6nnte dazu f\u00fchren, dass regul\u00e4re Parkpl\u00e4tze wegfallen. Die dann freie Gr\u00fcnfl\u00e4che auf dem <a class=\"transition-colors duration-200 cursor-pointer text-inherit no-underline text-salemsfur md:hover:text-magenta md:hover:border-magenta md:focus:text-magenta border-current border-b border-solid break-words\" href=\"https:\/\/www.t-online.de\/region\/koeln\/id_90648832\/koeln-stadtbahn-schleift-50-jaehrigen-am-chlodwigplatz-mehrere-meter-mit.html\" data-sctrack=\"BodyAnchor\" target=\"_blank\" rel=\"noopener\">Chlodwigplatz<\/a> soll als &#8222;artenreiche Blumenwiese&#8220; neu gestaltet werden.<\/p>\n<p class=\"text-18 leading-17\">Wie und wann die Pl\u00e4ne umgesetzt werden k\u00f6nnen, ist allerdings noch unklar. Die <a class=\"transition-colors duration-200 cursor-pointer text-inherit no-underline text-salemsfur md:hover:text-magenta md:hover:border-magenta md:focus:text-magenta border-current border-b border-solid break-words\" href=\"https:\/\/www.t-online.de\/region\/koeln\/id_100689022\/dirk-bach-beruechtigter-platz-in-koeln-bekommt-seinen-namen.html\" data-sctrack=\"BodyAnchor\" target=\"_blank\" rel=\"noopener\">Bezirksvertretung Innenstadt<\/a> wird \u00fcber das Thema in ihrer n\u00e4chsten Sitzung am 8. Mai diskutieren. Ein Beschluss ist aufgrund der Mehrheitsverh\u00e4ltnisse allerdings vermutlich nur Formsache.<\/p>\n","protected":false},"excerpt":{"rendered":"Neuer Vorsto\u00df Chlodwigplatz: Kreisverkehr soll umgestaltet werden 23.04.2025 &#8211; 13:39 UhrLesedauer: 2 Min. Der Kreisverkehr am Chlodwigplatz in&hellip;\n","protected":false},"author":2,"featured_media":54631,"comment_status":"","ping_status":"","sticky":false,"template":"","format":"standard","meta":{"footnotes":""},"categories":[1828],"tags":[21,29,3046,30,1420,8734,25730,1209,184,8979],"class_list":{"0":"post-54630","1":"post","2":"type-post","3":"status-publish","4":"format-standard","5":"has-post-thumbnail","7":"category-koeln","8":"tag-buendnis-90-die-gruenen","9":"tag-deutschland","10":"tag-einsatzfahrzeug","11":"tag-germany","12":"tag-koeln","13":"tag-koelner-verkehrs-betriebe","14":"tag-kreisverkehr","15":"tag-nordrhein-westfalen","16":"tag-spd","17":"tag-suedstadt"},"share_on_mastodon":{"url":"https:\/\/pubeurope.com\/@de\/114387128545855468","error":""},"_links":{"self":[{"href":"https:\/\/www.europesays.com\/de\/wp-json\/wp\/v2\/posts\/54630","targetHints":{"allow":["GET"]}}],"collection":[{"href":"https:\/\/www.europesays.com\/de\/wp-json\/wp\/v2\/posts"}],"about":[{"href":"https:\/\/www.europesays.com\/de\/wp-json\/wp\/v2\/types\/post"}],"author":[{"embeddable":true,"href":"https:\/\/www.europesays.com\/de\/wp-json\/wp\/v2\/users\/2"}],"replies":[{"embeddable":true,"href":"https:\/\/www.europesays.com\/de\/wp-json\/wp\/v2\/comments?post=54630"}],"version-history":[{"count":0,"href":"https:\/\/www.europesays.com\/de\/wp-json\/wp\/v2\/posts\/54630\/revisions"}],"wp:featuredmedia":[{"embeddable":true,"href":"https:\/\/www.europesays.com\/de\/wp-json\/wp\/v2\/media\/54631"}],"wp:attachment":[{"href":"https:\/\/www.europesays.com\/de\/wp-json\/wp\/v2\/media?parent=54630"}],"wp:term":[{"taxonomy":"category","embeddable":true,"href":"https:\/\/www.europesays.com\/de\/wp-json\/wp\/v2\/categories?post=54630"},{"taxonomy":"post_tag","embeddable":true,"href":"https:\/\/www.europesays.com\/de\/wp-json\/wp\/v2\/tags?post=54630"}],"curies":[{"name":"wp","href":"https:\/\/api.w.org\/{rel}","templated":true}]}}