{"id":546302,"date":"2025-11-02T22:28:15","date_gmt":"2025-11-02T22:28:15","guid":{"rendered":"https:\/\/www.europesays.com\/de\/546302\/"},"modified":"2025-11-02T22:28:15","modified_gmt":"2025-11-02T22:28:15","slug":"vfr-neumuenster-zwischen-benefiz-event-satrup-und-masters-in-kiel","status":"publish","type":"post","link":"https:\/\/www.europesays.com\/de\/546302\/","title":{"rendered":"VfR Neum\u00fcnster zwischen Benefiz-Event, Satrup und Masters in Kiel"},"content":{"rendered":"<p class=\"\">\n                    Von einem Spannungsabfall kann keine Rede sein, obwohl hinter dem Fu\u00dfball-Oberligisten VfR Neum\u00fcnster arbeitsreiche Stunden liegen. Die Rasensportler starteten nicht nur den Kartenvorverkauf f\u00fcr ihren Fan-Block beim Masters am 10. Januar in Kiel, sondern waren auch noch zweimal binnen drei Tagen auf dem gr\u00fcnen Rasen aktiv. Dem Auftritt beim Benefiz-Event in Ahrensb\u00f6k mit einem 2:0 gegen den Kreisligisten TSV Pansdorf II folgte in der Meisterschaft ein 3:1 gegen den TSV Nordmark Satrup.\n            <\/p>\n<p class=\"\">\n                    Durch den Erfolg gegen den Mitaufsteiger von 2023 schlossen die Lila-Wei\u00dfen mit ganz starken 27 Punkten auf Platz 5 die Hinrunde ab und haben dabei auch noch das Nachholspiel beim SV Eichede als Trumpf in der Hinterhand. Mit dem Spiel beim wiedererstarkten Meister FC Kilia Kiel startet der VfR am Freitag, 7. November, in die R\u00fcckserie. Ansto\u00df am Hasseldieksdammer Weg ist um 19.15 Uhr.\n            <\/p>\n<p class=\"\">\n                    Gegen Satrup ben\u00f6tigten die \u201eVeilchen\u201c vor 213 Zuschauern, die eine neue Saisonminuskulisse an der Geerdtsstra\u00dfe bedeuteten, erst einmal zwei fr\u00fchzeitige Wachmacher. Einem Abseitstor der G\u00e4ste (2.) folgte eine Gro\u00dfchance f\u00fcr Edvin Skrijelj, der an VfR-Torwart Christopher Newe scheiterte (6.). Die Rasensportler gingen kurz darauf mit ihrer ersten M\u00f6glichkeit gleich in F\u00fchrung, als Kapit\u00e4n Kenny Korup einen Freisto\u00df unter tatkr\u00e4ftiger Mithilfe sowohl von Nordmark-Schlussmann Ingmar Struck als auch dessen Teamkollegen Joris Naeve zum 1:0 verwandelte und damit fr\u00fchzeitig seine starke Leistung kr\u00f6nte (8.).\n            <\/p>\n<p class=\"\">\n                    Bei schwierigen Platzverh\u00e4ltnissen entwickelte sich in der Folge eine kampfbetonte Partie, in der die Lila-Wei\u00dfen immer wieder von der k\u00f6rperlichen Intensit\u00e4t ihrer G\u00e4ste profitierten. Denn daraus resultierten mehrere Freist\u00f6\u00dfe und schlussendlich auch ein Elfmeter nach einem Foul von Bj\u00f6rn La\u00df an Kastriot Alija. Der ebenfalls erneut \u00fcberzeugende Ilir Serifi nutzte den Strafsto\u00df, \u00fcberwand den in die richtige Ecke abtauchenden Struck allerdings eher gl\u00fccklich (2:0\/31.). F\u00fcr die Platzherren kam es rechtzeitig vor der Pause sogar noch besser. Satrups Torsteher und einer seiner Vorderleute behinderte sich an ihrer Strafraumgrenze bei einem VfR-Konter gegenseitig, was der gewohnt emsige Alija mit dem 3:0 bestrafte (43.).\n            <\/p>\n<p class=\"\">\n                    Nach dem Seitenwechsel erarbeitete sich Nordmark klare optische Vorteile, brachte das Geh\u00e4use der Lila-Wei\u00dfen aber nur selten in ernsthafte Gefahr. Skrijelj per Kopf (46.) und Sebastian Waterhues mit einem sehenswerten Fallr\u00fcckzieher knapp \u00fcbers Tor (66.) hatten lange Zeit die besten Gelegenheiten, ferner kl\u00e4rten die Rasensportler Christoph Kahlcke (56.) und Christopher Kramer (90.) kurz vor beziehungsweise auf ihrer eigenen Torlinie. Und so reichte es f\u00fcr Satrup nur zum Ehrentreffer durch La\u00df, der einen Seitfallzieher an Newe vorbeibrachte (3:1\/84.). Von den Hausherren, die neben dem am Knie l\u00e4dierten Routinier Kevin Schulz auch erstmals in dieser Saison auf Angreifer Moshood \u201eOla\u201c Adesanya (Oberschenkelverletzung) verzichten mussten, kam im zweiten Abschnitt im letzten Spieldrittel praktisch gar nichts mehr.\n            <\/p>\n<p>\n                                Wieder einmal einer der Auff\u00e4lligsten im VfR-Dress: Kastriot Alija (links), hier im Zweikampf mit Luca Bracht vom TSV Nordmark Satrup.<br \/>\n                            Foto: Arne Schmuck<\/p>\n<p><img decoding=\"async\" src=\"https:\/\/www.europesays.com\/de\/wp-content\/uploads\/2025\/11\/alijakastriot22.jpg\" title=\"Wieder einmal einer der Auff\u00e4lligsten im VfR-Dress: Kastriot Alija (links), hier im Zweikampf mit Luca Bracht vom TSV Nordmark Satrup.\" alt=\"Wieder einmal einer der Auff\u00e4lligsten im VfR-Dress: Kastriot Alija (links), hier im Zweikampf mit Luca Bracht vom TSV Nordmark Satrup.\" class=\"lightbox__single-image__content__image-wrapper__img\" loading=\"lazy\" width=\"375\" height=\"294\"\/>Icon MaximizeIcon Lightbox Maximize<\/p>\n<p>SchliessenX ZeichenKleines Zeichen welches ein X symbolisiert<\/p>\n<p><img class=\"lightbox--enabled__container__image-wrapper__img\" alt=\"\"\/><\/p>\n<p class=\"\">\n                    VfR-Trainer Danny Cornelius sprach dann auch von einem \u201eArbeitssieg\u201c und res\u00fcmierte: \u201eDie anderen Mannschaften haben vollkommen recht, wenn sie sagen, dass wir eine ekelhafte Truppe sind. Und diese ekelhafte Truppe holt manchmal auch ekelhafte Punkte.\u201c Er sei zu 100 Prozent froh und gl\u00fccklich gewesen, dass das Satruper Tor sp\u00e4t, letztlich zu sp\u00e4t gefallen ist. \u201eIch hatte nie das Gef\u00fchl, dass da zwingend etwas passieren w\u00fcrde. Aber nach dem Gegentreffer ging pl\u00f6tzlich durch unsere Reihen, dass wir trotz der deutlichen Halbzeitf\u00fchrung doch etwas zu verlieren haben.\u201c\n            <\/p>\n<p class=\"\">\n                    Die Hinrundenbilanz von Cornelius fiel auch aufgrund des neuerlichen Dreiers \u2013 es war Saisonsieg Nummer neun \u2013 positiv aus. \u201eWir haben uns das Hallenmasters verdient\u201c, sagte der 40-J\u00e4hrige. \u201eWir haben uns nach der katastrophalen Vorsaison, an deren Ende wir so gerade eben dringeblieben sind, gefangen und sind als Mannschaft von Woche zu Woche enger zusammenger\u00fcckt. Daher bringen wir dann auch Spiele wie das gegen Satrup \u00fcber die B\u00fchne.\u201c\n            <\/p>\n<p class=\"\">\n                    Cornelius freute sich ebenfalls dar\u00fcber, dass seine Elf zwei Tage zuvor in Ahrensb\u00f6k etwas zum Gelingen eines rundum gelungenen Events beigetragen hatte. Zugunsten der Familie des an einem aggressiven Hirntumor leidenden Flynn (13 Jahre) wurden knapp 20.000 Euro erspielt, rund 1000 Zuschauer sorgten f\u00fcr einen w\u00fcrdigen Rahmen. Der siebenmalige Landesmeister VfR hatte mehrere Devotionalien mitgebracht, alleine diese sp\u00fclten 700 Euro in die Kasse. Die Tore zum erwartungsgem\u00e4\u00dfen Sieg \u00fcber Pansdorf II erzielten in der auf zweimal 30 Minuten ausgelegten Begegnung Luis Schmidt (18.) und Alija (59.).\n            <\/p>\n<p class=\"\">\n                    Unterdessen l\u00e4uft beim VfR der Ticketvorverkauf f\u00fcr das Masters in Kiel. Etwa 250 der 350 zur Verf\u00fcgung stehenden Karten wurden bereits an den Mann gebracht, als \u201eeiserne Reserve\u201c hat sich der dreimalige Masters-Sieger (2001, 2002, 2003) eine Option auf weitere 170 Billetts gesichert. Tickets f\u00fcr den Neum\u00fcnster-Block zum St\u00fcckpreis von 35 Euro sind bei den Rasensportlern immer mittwochs zwischen 16 und 18 Uhr zu erwerben (Gesch\u00e4ftsstelle Geerdtsstra\u00dfe 14, letztmals am 26. November). In Planung sind unter anderem die gemeinsame Anreise in Fan-Bussen sowie ein spezielles Fan-Trikot. Das Motto des VfR am 10. Januar kommenden Jahres lautet \u201ealle in Lila nach Kiel\u201c.<\/p>\n<p>Dieser Text wurde erstellt von:<br \/>Torben John<br \/>VfR Neum\u00fcnster\n            <\/p>\n","protected":false},"excerpt":{"rendered":"Von einem Spannungsabfall kann keine Rede sein, obwohl hinter dem Fu\u00dfball-Oberligisten VfR Neum\u00fcnster arbeitsreiche Stunden liegen. Die Rasensportler&hellip;\n","protected":false},"author":2,"featured_media":546303,"comment_status":"","ping_status":"","sticky":false,"template":"","format":"standard","meta":{"footnotes":""},"categories":[1852],"tags":[133057,3364,26996,29,548,663,3934,30,13,4949,14,27499,15,26997,12,1971,26998,82867],"class_list":{"0":"post-546302","1":"post","2":"type-post","3":"status-publish","4":"format-standard","5":"has-post-thumbnail","7":"category-kiel","8":"tag-danny-cornelius","9":"tag-de","10":"tag-deutsche-meisterschaften","11":"tag-deutschland","12":"tag-eu","13":"tag-europa","14":"tag-europe","15":"tag-germany","16":"tag-headlines","17":"tag-kiel","18":"tag-nachrichten","19":"tag-neumuenster","20":"tag-news","21":"tag-pokalwettbewerb","22":"tag-schlagzeilen","23":"tag-schleswig-holstein","24":"tag-sportergebnis","25":"tag-trumpf"},"share_on_mastodon":{"url":"","error":""},"_links":{"self":[{"href":"https:\/\/www.europesays.com\/de\/wp-json\/wp\/v2\/posts\/546302","targetHints":{"allow":["GET"]}}],"collection":[{"href":"https:\/\/www.europesays.com\/de\/wp-json\/wp\/v2\/posts"}],"about":[{"href":"https:\/\/www.europesays.com\/de\/wp-json\/wp\/v2\/types\/post"}],"author":[{"embeddable":true,"href":"https:\/\/www.europesays.com\/de\/wp-json\/wp\/v2\/users\/2"}],"replies":[{"embeddable":true,"href":"https:\/\/www.europesays.com\/de\/wp-json\/wp\/v2\/comments?post=546302"}],"version-history":[{"count":0,"href":"https:\/\/www.europesays.com\/de\/wp-json\/wp\/v2\/posts\/546302\/revisions"}],"wp:featuredmedia":[{"embeddable":true,"href":"https:\/\/www.europesays.com\/de\/wp-json\/wp\/v2\/media\/546303"}],"wp:attachment":[{"href":"https:\/\/www.europesays.com\/de\/wp-json\/wp\/v2\/media?parent=546302"}],"wp:term":[{"taxonomy":"category","embeddable":true,"href":"https:\/\/www.europesays.com\/de\/wp-json\/wp\/v2\/categories?post=546302"},{"taxonomy":"post_tag","embeddable":true,"href":"https:\/\/www.europesays.com\/de\/wp-json\/wp\/v2\/tags?post=546302"}],"curies":[{"name":"wp","href":"https:\/\/api.w.org\/{rel}","templated":true}]}}