{"id":546345,"date":"2025-11-02T22:53:14","date_gmt":"2025-11-02T22:53:14","guid":{"rendered":"https:\/\/www.europesays.com\/de\/546345\/"},"modified":"2025-11-02T22:53:14","modified_gmt":"2025-11-02T22:53:14","slug":"hurrikan-melissa-nimmt-kurs-auf-europa-auswirkungen-auf-niedersachsen","status":"publish","type":"post","link":"https:\/\/www.europesays.com\/de\/546345\/","title":{"rendered":"Hurrikan Melissa nimmt Kurs auf Europa &#8211; Auswirkungen auf Niedersachsen?"},"content":{"rendered":"<p>Hurrikan Melissa sorgt derzeit in der Karibik f\u00fcr gro\u00dfe Verw\u00fcstung, sogar Todesopfer hat er schon gefordert. Doch langsam zieht Melissa ab und nimmt Kurs auf Westeuropa, wo er dann als \u201eau\u00dfertropisches Sturmtief\u201c eintreffen k\u00f6nnte.<\/p>\n<p>Auch Niedersachsen w\u00e4re dann von einem deutlichen Wetterumschwung betroffen. Worauf wir uns einstellen m\u00fcssen, erkl\u00e4rt Wetter-Experte Dominik Jung in seinem neuen Wetter-Video auf <a href=\"https:\/\/www.youtube.com\/watch?v=Y_SH8BgsTjw\" target=\"_blank\" rel=\"noreferrer noopener nofollow\">\u201ewetter.net\u201c<\/a>.<\/p>\n<p> Wetter in Niedersachsen: \u201eKann die Wetterk\u00fcche durcheinanderbringen\u201c <\/p>\n<p>Wer sich jetzt innerlich auf einen gro\u00dfen Sturm in Niedersachsen vorbereitet, kann sich schonmal beruhigen. Grund zur Sorge besteht nicht. Vorerst kann gesagt werden: bei uns wird es eher mild. Der Hurrikan bringt einen Schwall warme Luftmassen nach Niedersachsen, die sich deutlich auf die Temperaturen auswirken. \u201eDas Sturmtief kann bei uns deutlich die Wetterk\u00fcche durcheinanderbringen\u201c, sagt Meteorologe Dominik Jung.<\/p>\n<p><a href=\"https:\/\/www.news38.de\/niedersachsen\/article300628452\/wetter-niedersachsen-hurrikan-melissa-europa.html#:~:text=In%20Niedersachsen%20liegen%20die%20Temperaturen,viel%20Wind%20und%20dichter%20Bew%C3%B6lkung.\" rel=\"nofollow noopener\" target=\"_blank\">+++ Wetter in Niedersachsen: Experte mit wackeliger Prognose! Der Grund ist ein \u201ehistorischer Sturm\u201c +++<\/a><\/p>\n<p>Das CFS-Modell zeigt: Der November k\u00f6nnte dann deutlich zu warm ausfallen, mit ein bis zwei Grad \u00fcber dem neuen Klimamittel der Jahre 1991 bis 2020. Viel Regen wird auch nicht erwartet, die Niederschl\u00e4ge im November bleiben laut Jung eher \u201eausgeglichen\u201c. Anstelle von Wind und Regen sorgt Hurrikan Melissa also eher f\u00fcr h\u00f6here Temperaturen und trockene Tage in Niedersachsen.<\/p>\n<p>   Display content from YouTube   <\/p>\n<p class=\"fd-embed-privacy-content-line1\">An dieser Stelle befindet sich ein externer Inhalt von YouTube der von unserer Redaktion empfohlen wird. Er erg\u00e4nzt den Artikel und kann mit einem Klick angezeigt und wieder ausgeblendet werden.<\/p>\n<p class=\"fd-embed-privacy-content-line2\">Ich bin damit einverstanden, dass mir dieser externe Inhalt angezeigt wird. Es k\u00f6nnen dabei personenbezogene Daten an den Anbieter des Inhalts und Drittdienste \u00fcbermittelt werden.<\/p>\n<p>In den kommenden Tagen wird es also zumindest w\u00e4rmer als erwartet. Unter die zehn-Grad-Marke werden die Temperaturen tags\u00fcber eher nicht purzeln. Am Montag (3. November) erreichen die H\u00f6chstwerte 12 Grad und am Dienstag (4. November) sogar 15 Grad. \u201eDie Temperaturen sind immer noch recht weit oben\u201c, kommentiert Jung die Prognose.<\/p>\n<p>Mehr News:<\/p>\n<p>Lange bleibt die milde Wetter-Phase uns allerdings nicht erhalten. Zur Monatsmitte soll es wieder deutlich k\u00fchler werden \u2013 aber das ist ja auch zu erwarten, so kurz vorm Wintereinbruch. \u201eEs ist im Grunde die ganz typische Entwicklung\u201c, so Dominik Jung.<\/p>\n","protected":false},"excerpt":{"rendered":"Hurrikan Melissa sorgt derzeit in der Karibik f\u00fcr gro\u00dfe Verw\u00fcstung, sogar Todesopfer hat er schon gefordert. Doch langsam&hellip;\n","protected":false},"author":2,"featured_media":546346,"comment_status":"","ping_status":"","sticky":false,"template":"","format":"standard","meta":{"footnotes":""},"categories":[3933],"tags":[331,332,548,663,158,3934,3935,13,14,15,12,1973],"class_list":{"0":"post-546345","1":"post","2":"type-post","3":"status-publish","4":"format-standard","5":"has-post-thumbnail","7":"category-eu","8":"tag-aktuelle-nachrichten","9":"tag-aktuelle-news","10":"tag-eu","11":"tag-europa","12":"tag-europaeische-union","13":"tag-europe","14":"tag-european-union","15":"tag-headlines","16":"tag-nachrichten","17":"tag-news","18":"tag-schlagzeilen","19":"tag-wetter"},"share_on_mastodon":{"url":"https:\/\/pubeurope.com\/@de\/115482565339530549","error":""},"_links":{"self":[{"href":"https:\/\/www.europesays.com\/de\/wp-json\/wp\/v2\/posts\/546345","targetHints":{"allow":["GET"]}}],"collection":[{"href":"https:\/\/www.europesays.com\/de\/wp-json\/wp\/v2\/posts"}],"about":[{"href":"https:\/\/www.europesays.com\/de\/wp-json\/wp\/v2\/types\/post"}],"author":[{"embeddable":true,"href":"https:\/\/www.europesays.com\/de\/wp-json\/wp\/v2\/users\/2"}],"replies":[{"embeddable":true,"href":"https:\/\/www.europesays.com\/de\/wp-json\/wp\/v2\/comments?post=546345"}],"version-history":[{"count":0,"href":"https:\/\/www.europesays.com\/de\/wp-json\/wp\/v2\/posts\/546345\/revisions"}],"wp:featuredmedia":[{"embeddable":true,"href":"https:\/\/www.europesays.com\/de\/wp-json\/wp\/v2\/media\/546346"}],"wp:attachment":[{"href":"https:\/\/www.europesays.com\/de\/wp-json\/wp\/v2\/media?parent=546345"}],"wp:term":[{"taxonomy":"category","embeddable":true,"href":"https:\/\/www.europesays.com\/de\/wp-json\/wp\/v2\/categories?post=546345"},{"taxonomy":"post_tag","embeddable":true,"href":"https:\/\/www.europesays.com\/de\/wp-json\/wp\/v2\/tags?post=546345"}],"curies":[{"name":"wp","href":"https:\/\/api.w.org\/{rel}","templated":true}]}}