{"id":546351,"date":"2025-11-02T22:56:14","date_gmt":"2025-11-02T22:56:14","guid":{"rendered":"https:\/\/www.europesays.com\/de\/546351\/"},"modified":"2025-11-02T22:56:14","modified_gmt":"2025-11-02T22:56:14","slug":"ozg-2-0-soll-behoerden-chaos-beenden","status":"publish","type":"post","link":"https:\/\/www.europesays.com\/de\/546351\/","title":{"rendered":"OZG 2.0 soll Beh\u00f6rden-Chaos beenden"},"content":{"rendered":"<p>Das neue Digitalministerium testet die europ\u00e4ische Digitalidentit\u00e4t und setzt mit dem OZG 2.0 einen Rechtsanspruch auf digitale Beh\u00f6rdendienste um. Ziel ist die \u00dcberwindung f\u00f6deraler H\u00fcrden und die Modernisierung der Verwaltung.<\/p>\n<p>Das neue Bundesministerium f\u00fcr Digitales und Staatsmodernisierung will endlich Tempo in die stockende Verwaltungsdigitalisierung bringen. Mit dem Online-Zugangs-Gesetz 2.0 und ersten Tests der europ\u00e4ischen Digitalidentit\u00e4t soll Deutschland seinen R\u00fcckstand aufholen.<\/p>\n<p>Die j\u00fcngsten Ma\u00dfnahmen zeigen: Die Bundesregierung nimmt die digitale Transformation ernst. Seit dieser Woche testet das Ministerium die Europ\u00e4ische Digitale Identit\u00e4tsbrieftasche (EUDI-Wallet) zusammen mit dem nationalen BundID-Konto. Ziel ist ein nahtloser, sicherer Zugang zu Verwaltungsdienstleistungen bundesweit.<br \/>Anzeige: Apropos EUDI-Wallet und BundID: Viele B\u00fcrger werden Verwaltungsdienste k\u00fcnftig per Smartphone nutzen \u2013 doch gerade Einsteiger sind oft unsicher beim Einrichten. Der kostenlose Schritt-f\u00fcr-Schritt-Guide f\u00fcr Android erkl\u00e4rt in einfachem Deutsch, wie Sie Ihr Handy sicher einrichten und Apps wie Wallet, E\u2011Mail und WhatsApp stressfrei nutzen \u2013 ideal auch f\u00fcr Eltern und Gro\u00dfeltern. Inklusive Gratis-PDF und 5\u2011teiligem E\u2011Mail-Grundkurs. <strong><a href=\"https:\/\/www.info.computerwissen-online.com\/android\/androidphone\/?af=KOOP_CW_PCKU_DNV_YES_PC-GRUNDKURS-ANDROIDRATGEBER_X-CWAHN-BGPID_665646\" style=\"color:#337ab7!important;font-weight:bold;text-decoration:underline\" target=\"_blank\" rel=\"noopener\">Jetzt kostenlosen Android-Guide herunterladen<\/a><\/strong><\/p>\n<p>Parallel dazu verabschiedete das Bundeskabinett am 29. Oktober das Datengesetz-Durchf\u00fchrungsgesetz. Es soll einen innovationsfreundlichen Rechtsrahmen f\u00fcr die Datennutzung schaffen. Diese ersten konkreten Schritte des neuen Ministeriums sollen ein digitales Defizit beheben, das l\u00e4ngst zur nationalen Sorge geworden ist.<\/p>\n<p>B\u00fcrger verlieren die Geduld<\/p>\n<p>Die Dringlichkeit dieser Reform zeigt sich in alarmierenden Umfrageergebnissen. Ende September 2024 gaben 86,2 Prozent der Deutschen an, die Bundesregierung tue nicht genug f\u00fcr die digitale Transformation. Ein Jahr zuvor waren es noch 78,2 Prozent. <\/p>\n<p>Die digitale Verwaltung sehen 56,4 Prozent der Befragten als gr\u00f6\u00dftes Verbesserungsfeld. Diese Zahlen spiegeln jahrelange Probleme wider: ein komplexes F\u00f6deralsystem und eine tief verwurzelte papierbasierte B\u00fcrokratiekultur. Deutschland hinkt seinen europ\u00e4ischen Nachbarn bei E-Government-Services deutlich hinterher.<\/p>\n<p>OZG 2.0: Rechtsanspruch auf digitale Services<\/p>\n<p>Das Herzst\u00fcck der Regierungsstrategie ist das Online-Zugangs-Gesetz 2.0, das im Sommer 2025 in Kraft trat. Das \u00fcberarbeitete Gesetz schafft erstmals einen Rechtsanspruch f\u00fcr B\u00fcrger und Unternehmen auf elektronischen Zugang zu Bundesverwaltungsdienstleistungen. Binnen vier Jahren muss dieser Anspruch vollst\u00e4ndig durchsetzbar sein.<\/p>\n<p>Daf\u00fcr will der Bund zentrale \u201cBasisdienste\u201d bereitstellen \u2013 wie das BundID-Nutzerkonto und ein digitales Postfach. Schluss mit dem Flickenteppich verschiedener Landesl\u00f6sungen, der den Fortschritt bisher behinderte. Das Gesetz verankert Nutzerfreundlichkeit und Barrierefreiheit als Kernprinzipien aller k\u00fcnftigen digitalen Services.<\/p>\n<p>\u201cOnce-Only\u201d: Einmal eingeben reicht<\/p>\n<p>Ein Eckpfeiler des neuen nutzerorientierten Ansatzes ist das \u201cOnce-Only\u201d-Prinzip. B\u00fcrger und Unternehmen sollen ihre Daten nur einmal bei der Verwaltung eingeben m\u00fcssen. Die Beh\u00f6rden sind dann verpflichtet, diese Daten intern \u2013 mit Einverst\u00e4ndnis der Nutzer \u2013 sicher zu teilen.<\/p>\n<p>Keine wiederholten Nachweise von Geburtsurkunden oder Gewerbeanmeldungen mehr. Die erfolgreiche Umsetzung h\u00e4ngt an einem Mammutprojekt: Bis 2028 m\u00fcssen 51 wichtige Verwaltungsregister digitalisiert und vernetzt werden. Experten bezeichnen dies als R\u00fcckgrat der gesamten Reform.<\/p>\n<p>Strukturwandel gegen f\u00f6derale Zersplitterung<\/p>\n<p>W\u00e4hrend die neuen Rechtsrahmen bedeutsam sind, warnen Experten: Technik und Gesetze allein reichen nicht. Deutschland braucht einen kulturellen Wandel in seiner riesigen \u00f6ffentlichen Verwaltung.<\/p>\n<p>Jahrzehntelang schuf die f\u00f6derale Struktur eine zersplitterte IT-Landschaft. 16 Bundesl\u00e4nder entwickelten oft eigene, inkompatible Systeme. Das OZG 2.0 und zentrale Basisdienste sollen diese strukturelle H\u00fcrde durch Standardisierung \u00fcberwinden.<\/p>\n<p>Die Gr\u00fcndung des neuen Bundesministeriums unter Minister Karsten Wildberger im Mai gilt als entscheidender Schritt. Erstmals wird die zuvor auf sechs Beh\u00f6rden verteilte Digitalpolitik zentral koordiniert.<\/p>\n<p>Vier Jahre Zeit f\u00fcr den Durchbruch<\/p>\n<p>Die Bundesregierung setzt sich ehrgeizige Ziele. Der Rechtsanspruch auf digitale Services binnen vier Jahren schafft enormen Handlungsdruck f\u00fcr Bund, L\u00e4nder und Kommunen.<\/p>\n<p>Die ersten Tests der EUDI-Wallet mit dem BundID sind ein vielversprechender Start f\u00fcr ein interoperables, sicheres digitales Identit\u00e4tssystem. In den kommenden Monaten k\u00f6nnen B\u00fcrger und Unternehmen durchg\u00e4ngig digitale Services f\u00fcr wichtige Lebensereignisse erwarten \u2013 von der Wohnsitzanmeldung bis zum F\u00fchrerscheinantrag.<\/p>\n<p>Der Weg zur wirklich nutzerorientierten digitalen Verwaltung ist ein Marathon. Mit dem OZG 2.0, einem eigenen Ministerium und klarem \u00f6ffentlichem Auftrag scheint Deutschland endlich Fahrt aufzunehmen. Die n\u00e4chsten Jahre entscheiden, ob das Land seinen Ruf als \u201cdigitaler Nachz\u00fcgler\u201d ablegen kann.<\/p>\n","protected":false},"excerpt":{"rendered":"Das neue Digitalministerium testet die europ\u00e4ische Digitalidentit\u00e4t und setzt mit dem OZG 2.0 einen Rechtsanspruch auf digitale Beh\u00f6rdendienste&hellip;\n","protected":false},"author":2,"featured_media":546352,"comment_status":"","ping_status":"","sticky":false,"template":"","format":"standard","meta":{"footnotes":""},"categories":[2],"tags":[331,3924,332,3922,133067,120176,3364,29,133068,133065,25842,30,13,1099,14,3923,15,3921,133066,86644,12,15807],"class_list":{"0":"post-546351","1":"post","2":"type-post","3":"status-publish","4":"format-standard","5":"has-post-thumbnail","7":"category-deutschland","8":"tag-aktuelle-nachrichten","9":"tag-aktuelle-nachrichten-aus-deutschland","10":"tag-aktuelle-news","11":"tag-aktuelle-news-aus-deutschland","12":"tag-behoerden-chaos","13":"tag-behoerdendienste","14":"tag-de","15":"tag-deutschland","16":"tag-digitalidentitaet","17":"tag-digitalisierungs-offensive","18":"tag-digitalministerium","19":"tag-germany","20":"tag-headlines","21":"tag-huerden","22":"tag-nachrichten","23":"tag-nachrichten-aus-deutschland","24":"tag-news","25":"tag-news-aus-deutschland","26":"tag-ozg","27":"tag-rechtsanspruch","28":"tag-schlagzeilen","29":"tag-ziel"},"share_on_mastodon":{"url":"https:\/\/pubeurope.com\/@de\/115482577118944586","error":""},"_links":{"self":[{"href":"https:\/\/www.europesays.com\/de\/wp-json\/wp\/v2\/posts\/546351","targetHints":{"allow":["GET"]}}],"collection":[{"href":"https:\/\/www.europesays.com\/de\/wp-json\/wp\/v2\/posts"}],"about":[{"href":"https:\/\/www.europesays.com\/de\/wp-json\/wp\/v2\/types\/post"}],"author":[{"embeddable":true,"href":"https:\/\/www.europesays.com\/de\/wp-json\/wp\/v2\/users\/2"}],"replies":[{"embeddable":true,"href":"https:\/\/www.europesays.com\/de\/wp-json\/wp\/v2\/comments?post=546351"}],"version-history":[{"count":0,"href":"https:\/\/www.europesays.com\/de\/wp-json\/wp\/v2\/posts\/546351\/revisions"}],"wp:featuredmedia":[{"embeddable":true,"href":"https:\/\/www.europesays.com\/de\/wp-json\/wp\/v2\/media\/546352"}],"wp:attachment":[{"href":"https:\/\/www.europesays.com\/de\/wp-json\/wp\/v2\/media?parent=546351"}],"wp:term":[{"taxonomy":"category","embeddable":true,"href":"https:\/\/www.europesays.com\/de\/wp-json\/wp\/v2\/categories?post=546351"},{"taxonomy":"post_tag","embeddable":true,"href":"https:\/\/www.europesays.com\/de\/wp-json\/wp\/v2\/tags?post=546351"}],"curies":[{"name":"wp","href":"https:\/\/api.w.org\/{rel}","templated":true}]}}