{"id":546363,"date":"2025-11-02T23:03:11","date_gmt":"2025-11-02T23:03:11","guid":{"rendered":"https:\/\/www.europesays.com\/de\/546363\/"},"modified":"2025-11-02T23:03:11","modified_gmt":"2025-11-02T23:03:11","slug":"ard-doku-drama-nuernberg-45-ttt-titel-thesen-temperamente-ard","status":"publish","type":"post","link":"https:\/\/www.europesays.com\/de\/546363\/","title":{"rendered":"ARD-Doku-Drama &#8222;N\u00fcrnberg 45&#8220; &#8211; ttt \u2013 titel, thesen, temperamente &#8211; ARD"},"content":{"rendered":"<p><strong>SENDETERMIN<\/strong> So., 02.11.25 | 23:05 Uhr | Das Erste<\/p>\n<p class=\"einleitung small\">Einer der wichtigsten Prozesse der Menschheitsgeschichte<\/p>\n<p class=\"text small\">Es war ein einmaliger Vorgang in der Menschheitsgeschichte: Zum ersten Mal sollten die Verantwortlichen f\u00fcr Krieg und V\u00f6lkermord vor ein ordentliches Gericht gestellt werden. Die Alliierten wollten dem Unrecht der Nazis und dem Grauen des Holocausts mit Rechtsstaatlichkeit begegnen. Das ARD-Dokudrama &#8222;N\u00fcrnberg 45 &#8211; Im Angesicht des B\u00f6sen&#8220; erz\u00e4hlt mit Spielszenen, nachkoloriertem Archivmaterial und Interviews die Geschichte dieses einmaligen Gerichtsverfahrens. Im Mittelpunkt des Films stehen von zwei Holocaust-\u00dcberlebende: Ernst Michel, damals 22 Jahre alt, und Seweryna Szmaglewska, damals 29 Jahre alt. Das ARD-Dokudrama wird am 9. November im Ersten gesendet und ist in der ARD-Mediathek zu sehen.<\/p>\n<p>Ernst Michel &#8211; ein \u00dcberlebender erstattet Bericht<\/p>\n<p class=\"text small\">Der Auftakt des Prozesses im November 1945. Unter den Anwesenden ist Ernst Michel, der wie durch ein Wunder Auschwitz \u00fcberlebt hat. In N\u00fcrnberg sitzt er im Gerichtssaal Auge in Auge mit den T\u00e4tern. Es war &#8222;einfach unfassbar. Verr\u00fcckt&#8220;, erinnert sich Ernst Michel in einem Interview von 2005. &#8222;Sechs Monate zuvor bin ich noch aus einem Konzentrationslager geflohen. Und jetzt sitze ich hier als Reporter &#8211; und die Top-Nazis da dr\u00fcben, keine acht Meter von mir entfernt.&#8220; Dirk Eisfeld hat das Drehbuch geschrieben f\u00fcr &#8222;N\u00fcrnberg 45&#8220;. Er betont: &#8222;Ein junger Mann, der mit 15 von seinem Zuhause deportiert wird, unz\u00e4hlige Arbeitslager durchl\u00e4uft, dann in Auschwitz landet und mit 22 schlie\u00dflich als Reporter mit gerade mal einem Vierteljahr Berufserfahrung auf der Reportertrib\u00fcne der N\u00fcrnberger Prozesse sitzt. Allein schon diese Geschichte ist unfassbar.&#8220;<\/p>\n<p>Warum?<\/p>\n<p class=\"text small\">Warum tut sich ein Holocaust-\u00dcberlebender das an, im Gerichtssaal zu sitzen, von Angesicht zu Angesicht mit den T\u00e4tern? &#8222;Willst du sie h\u00e4ngen sehen?&#8220;, hei\u00dft es im Film. &#8222;Ich will verstehen, warum&#8220;, lautet die Antwort. Verstehen, wie ein Land in diesen Rausch des T\u00f6tens verfallen konnte, in millionenfaches, industrielles Morden. Der Jude Ernst Michel hat den Holocaust erlebt &#8211; und zwar nur, weil er eine sch\u00f6ne Handschrift hatte, mit der er die Totenlisten von Auschwitz schreiben musste. Jetzt sitzt er den Auftraggebern gegen\u00fcber, in einem rechtsstaatlichen, fairen Prozess.<\/p>\n<p>Die N\u00fcrnberger Prozesse als Geburtsstunde des V\u00f6lkerstrafrechts<\/p>\n<p class=\"text small\">&#8222;Von dem urspr\u00fcnglichen Gedanken Churchills und Stalins, Schauprozesse zu veranstalten und die im Prinzip einfach alle an die Wand zu stellen, hat man Abstand genommen, und hat gesagt: Nein, das Einzige, was wir dieser Barbarei entgegensetzen k\u00f6nnen, ist die Zivilisation, ist das Recht.&#8220;, erkl\u00e4rt Drehbuchautor Eisfeld. &#8222;Nicht zu Unrecht gelten die N\u00fcrnberger Prozesse heute als die Geburtsstunde des modernen V\u00f6lkerstrafrechts. Indem man eben nicht Rache \u00fcbt, indem man nicht Leid mit noch mehr Leid vergilt.&#8220;<\/p>\n<p>G\u00f6ring: &#8222;Ich bekenne mich nicht schuldig.&#8220;<\/p>\n<p class=\"text small\">&#8222;Ich bekenne mich im Sinne der Anklage nicht schuldig&#8220;, sagte Hermann G\u00f6ring vor dem Gericht. &#8222;Die meisten waren arrogant. Nicht kooperativ. Nicht schuldig\u201d, sagt Ernst Michel 2005 im Interview. Doch der Prozess hat auch Schattenseiten: Nur wenige Opfer wurden als \u00a0Zeugen geh\u00f6rt. Die Polin Seweryna Szmaglewska hatte als junge Frau zwei Jahre Birkenau \u00fcberlebt und war nach N\u00fcrnberg gekommen, weil sie ihre Geschichte erz\u00e4hlen wollte. Aber sie durfte erst nach qu\u00e4lend langer Wartezeit aussagen &#8211; eine weitere Tortur.<\/p>\n<p>Akten und Dokumente wurden Zeugen, wurden Menschen vorgezogen<\/p>\n<p class=\"text small\">Die Ankl\u00e4ger setzten lieber auf Dokumente und Akten. Dirk Eisfeld sagt: &#8222;Zeugenaussagen kann man als subjektiv diskreditieren, ein Beweisst\u00fcck ist ein Beweisst\u00fcck. Das hat dazu gef\u00fchrt, dass Zeugen allenfalls zur Erg\u00e4nzung geh\u00f6rt wurden. Und von den 139 Zeugen, die in N\u00fcrnberg geh\u00f6rt wurden, waren auch nur drei wirklich KZ-\u00dcberlebende Holocaust-Opfer. F\u00fcr die Opfer waren die N\u00fcrnberger Prozesse im Grunde eine riesige Entt\u00e4uschung.&#8220;<\/p>\n<p>Aufkl\u00e4rung und Bildung gegen Geschichtsverf\u00e4lschung<\/p>\n<p class=\"text small\">Das ARD-Doku-Drama &#8222;N\u00fcrnberg 45&#8220; erz\u00e4hlt emotional, auch von den Traumata der Beteiligten. Er zeigt die Sicht der Opfer statt um Zahlen zu kreisen. Menschlich statt belehrend. Ein Film, der auch Unerreichbare ansprechen will. &#8222;Aus heutiger Sicht&#8220;, so Eisfeld, &#8222;ist es eigentlich ersch\u00fctternd, dass ein Drittel der Deutschen mittlerweile findet, dass der Nationalsozialismus eigentlich zu negativ dargestellt wird, weil die Zeit ja durchaus auch etwas Gutes gehabt h\u00e4tte. Also wir sehen da einen so eklatanten Mangel an Bildung, an Wissen, der dann wiederum ein Einfallstor ist f\u00fcr all diejenigen, die ganz bewusst Geschichtsverf\u00e4lschung betreiben.&#8220; Umso wichtiger ist dieser Film &#8211; am 9. November im Ersten und in der ARD-Mediathek. Au\u00dferdem erz\u00e4hlt ein vierteiliger Podcast die Geschichte der Polin Seweryna Szmaglewska: &#8222;Seweryna und die unsichtbaren Nazis&#8220; (von Sophie Rebmann und Nora Hespers), ab 19. November in der ARD Audiothek.<\/p>\n<p class=\"text small\">(Beitrag: Thorsten Mack)<\/p>\n<p class=\"text small\">\nStand: 02.11.2025 19:37 Uhr<\/p>\n","protected":false},"excerpt":{"rendered":"SENDETERMIN So., 02.11.25 | 23:05 Uhr | Das Erste Einer der wichtigsten Prozesse der Menschheitsgeschichte Es war ein&hellip;\n","protected":false},"author":2,"featured_media":546364,"comment_status":"","ping_status":"","sticky":false,"template":"","format":"standard","meta":{"footnotes":""},"categories":[1837],"tags":[772,3364,29,30,3783,55286,51662,55285],"class_list":{"0":"post-546363","1":"post","2":"type-post","3":"status-publish","4":"format-standard","5":"has-post-thumbnail","7":"category-nuernberg","8":"tag-bayern","9":"tag-de","10":"tag-deutschland","11":"tag-germany","12":"tag-nuernberg","13":"tag-temperamente","14":"tag-thesen","15":"tag-ttt-titel"},"share_on_mastodon":{"url":"","error":""},"_links":{"self":[{"href":"https:\/\/www.europesays.com\/de\/wp-json\/wp\/v2\/posts\/546363","targetHints":{"allow":["GET"]}}],"collection":[{"href":"https:\/\/www.europesays.com\/de\/wp-json\/wp\/v2\/posts"}],"about":[{"href":"https:\/\/www.europesays.com\/de\/wp-json\/wp\/v2\/types\/post"}],"author":[{"embeddable":true,"href":"https:\/\/www.europesays.com\/de\/wp-json\/wp\/v2\/users\/2"}],"replies":[{"embeddable":true,"href":"https:\/\/www.europesays.com\/de\/wp-json\/wp\/v2\/comments?post=546363"}],"version-history":[{"count":0,"href":"https:\/\/www.europesays.com\/de\/wp-json\/wp\/v2\/posts\/546363\/revisions"}],"wp:featuredmedia":[{"embeddable":true,"href":"https:\/\/www.europesays.com\/de\/wp-json\/wp\/v2\/media\/546364"}],"wp:attachment":[{"href":"https:\/\/www.europesays.com\/de\/wp-json\/wp\/v2\/media?parent=546363"}],"wp:term":[{"taxonomy":"category","embeddable":true,"href":"https:\/\/www.europesays.com\/de\/wp-json\/wp\/v2\/categories?post=546363"},{"taxonomy":"post_tag","embeddable":true,"href":"https:\/\/www.europesays.com\/de\/wp-json\/wp\/v2\/tags?post=546363"}],"curies":[{"name":"wp","href":"https:\/\/api.w.org\/{rel}","templated":true}]}}