{"id":546369,"date":"2025-11-02T23:08:18","date_gmt":"2025-11-02T23:08:18","guid":{"rendered":"https:\/\/www.europesays.com\/de\/546369\/"},"modified":"2025-11-02T23:08:18","modified_gmt":"2025-11-02T23:08:18","slug":"krisenmodus-nach-10-sieglosen-wochen","status":"publish","type":"post","link":"https:\/\/www.europesays.com\/de\/546369\/","title":{"rendered":"Krisenmodus nach 10 sieglosen Wochen"},"content":{"rendered":"<p>Die Negativserie nimmt bedenkliche Z\u00fcge an: Seit nunmehr zehn Wochen wartet Dynamo Dresden auf einen Sieg. Nach der 0:2-Niederlage bei Hertha BSC rutschte der Aufsteiger auf einen direkten Abstiegsplatz.<\/p>\n<p>W\u00e4hrend sich die Defensivprobleme bereits durch die gesamte Saison ziehen, hat nun auch die Offensive an Durchschlagskraft verloren. Besonders die zweiten Halbzeiten in Berlin und zuvor gegen den SC Paderborn offenbarten gro\u00dfe Schw\u00e4chen im Angriffsspiel. Die Diskussion um die Zweitliga-Tauglichkeit des Kaders ist in vollem Gange \u2013 und die Zweifel werden immer gr\u00f6\u00dfer.<\/p>\n<p>In der Kritik steht zunehmend auch Sportchef Thomas Brendel. Viele Fans stellen seine Kaderplanung infrage und zweifeln daran, ob die Mannschaft f\u00fcr die 2. Liga ausreichend verst\u00e4rkt wurde. Vor allem in der Defensive fehlen stabile Alternativen, w\u00e4hrend offensiv kaum Tempo vorhanden ist.<\/p>\n<p><b>Ein Teil der Fans sieht die Verantwortung klar beim Kader:<\/b><\/p>\n<p>\u201eDer Kader ist einfach zu schwach. Wir brauchen in der Abwehr gestandene Zweitligaspieler wie Pauli und vorne wieder einen schnellen Spieler wie Conteh\u201c, hei\u00dft es in einem Kommentar.<\/p>\n<p><b>Andere verweisen auf die finanziellen Unterschiede:<\/b><\/p>\n<p>\u201eDie Mannschaft k\u00e4mpft, aber f\u00fcr die 2. Liga reicht es einfach nicht. Der Kaderwert anderer Vereine ist oft drei Mal so hoch wie unserer\u201c, meint ein Fan.<\/p>\n<p><b>Viele Anh\u00e4nger nehmen dagegen Trainer Thomas Stamm ausdr\u00fccklich in Schutz.<\/b><\/p>\n<p>\u201eStamm ist der beste Trainer seit Langem. Wenn er gehen m\u00fcsste, w\u00fcrde es noch weiter bergab gehen\u201c, so ein Kommentar.<\/p>\n<p>\u201eEin Trainerwechsel w\u00e4re das falsche Signal. Er hat ein gutes Spielsystem, aber die Spieler m\u00fcssen mutiger und mit mehr Freude agieren.\u201c<\/p>\n<p><b>Auch Verst\u00e4ndnis f\u00fcr die schwierige Situation ist sp\u00fcrbar:<\/b><\/p>\n<p>\u201eDie Mannschaft gibt ihr Bestes, aber vieles klappt einfach nicht. Viele Fans haben den Aufstieg noch im Kopf und dachten, mit ein paar Transfers bleibt man locker drin \u2013 so einfach ist das aber nicht\u201c, schreibt ein User.<\/p>\n<p><b>Gleichzeitig fordern einige, dass Stamm in den kommenden Wochen L\u00f6sungen pr\u00e4sentieren m\u00fcsse:<\/b><\/p>\n<p>\u201eAktuell trifft ihn keine Schuld. Doch wenn es nach der Winterpause trotz neuer Spieler nicht besser l\u00e4uft, muss man reagieren, um die Liga noch zu halten.\u201c<\/p>\n<p>Unterm Strich herrscht in der Fanszene weitgehend Einigkeit: Ein Trainerwechsel w\u00e4re derzeit das falsche Zeichen. Vielmehr m\u00fcsse das Team an sich arbeiten, um wieder Selbstvertrauen und Spielfreude zu finden \u2013 bevor der Abstiegskampf endg\u00fcltig zur Realit\u00e4t wird.<\/p>\n<p>(PS)<\/p>\n","protected":false},"excerpt":{"rendered":"Die Negativserie nimmt bedenkliche Z\u00fcge an: Seit nunmehr zehn Wochen wartet Dynamo Dresden auf einen Sieg. Nach der&hellip;\n","protected":false},"author":2,"featured_media":546370,"comment_status":"","ping_status":"","sticky":false,"template":"","format":"standard","meta":{"footnotes":""},"categories":[1835],"tags":[99641,3364,29,2386,5406,3766,107002,99643,100341,30,859,94911,8720],"class_list":{"0":"post-546369","1":"post","2":"type-post","3":"status-publish","4":"format-standard","5":"has-post-thumbnail","7":"category-dresden","8":"tag-1953-update","9":"tag-de","10":"tag-deutschland","11":"tag-dresden","12":"tag-dynamo","13":"tag-dynamo-dresden","14":"tag-dynamo-dresden-aktuell","15":"tag-dynamo-dresden-news","16":"tag-dynamo-heute","17":"tag-germany","18":"tag-sachsen","19":"tag-thomas-brendel","20":"tag-thomas-stamm"},"share_on_mastodon":{"url":"https:\/\/pubeurope.com\/@de\/115482624648795338","error":""},"_links":{"self":[{"href":"https:\/\/www.europesays.com\/de\/wp-json\/wp\/v2\/posts\/546369","targetHints":{"allow":["GET"]}}],"collection":[{"href":"https:\/\/www.europesays.com\/de\/wp-json\/wp\/v2\/posts"}],"about":[{"href":"https:\/\/www.europesays.com\/de\/wp-json\/wp\/v2\/types\/post"}],"author":[{"embeddable":true,"href":"https:\/\/www.europesays.com\/de\/wp-json\/wp\/v2\/users\/2"}],"replies":[{"embeddable":true,"href":"https:\/\/www.europesays.com\/de\/wp-json\/wp\/v2\/comments?post=546369"}],"version-history":[{"count":0,"href":"https:\/\/www.europesays.com\/de\/wp-json\/wp\/v2\/posts\/546369\/revisions"}],"wp:featuredmedia":[{"embeddable":true,"href":"https:\/\/www.europesays.com\/de\/wp-json\/wp\/v2\/media\/546370"}],"wp:attachment":[{"href":"https:\/\/www.europesays.com\/de\/wp-json\/wp\/v2\/media?parent=546369"}],"wp:term":[{"taxonomy":"category","embeddable":true,"href":"https:\/\/www.europesays.com\/de\/wp-json\/wp\/v2\/categories?post=546369"},{"taxonomy":"post_tag","embeddable":true,"href":"https:\/\/www.europesays.com\/de\/wp-json\/wp\/v2\/tags?post=546369"}],"curies":[{"name":"wp","href":"https:\/\/api.w.org\/{rel}","templated":true}]}}