{"id":546373,"date":"2025-11-02T23:10:12","date_gmt":"2025-11-02T23:10:12","guid":{"rendered":"https:\/\/www.europesays.com\/de\/546373\/"},"modified":"2025-11-02T23:10:12","modified_gmt":"2025-11-02T23:10:12","slug":"flughafen-flugverkehr-an-bremer-flughafen-wegen-drohne-unterbrochen","status":"publish","type":"post","link":"https:\/\/www.europesays.com\/de\/546373\/","title":{"rendered":"Flughafen: Flugverkehr an Bremer Flughafen wegen Drohne unterbrochen"},"content":{"rendered":"<p class=\"paragraph article__item\">Am Bremer <a class=\"rtr-entity\" href=\"https:\/\/www.zeit.de\/thema\/flughafen\" target=\"_blank\" rel=\"noopener\">Flughafen<\/a> ist der Flugverkehr nach Sichtung einer weiteren Drohne kurzzeitig unterbrochen worden. Ein Sprecher der Polizei gab an, gegen 19.30 Uhr am Sonntagabend sei eine Drohne im unmittelbaren Bereich des Flughafengel\u00e4ndes gesehen worden. Daraufhin stellte die Flugsicherung den Betrieb umgehend ein, ehe er um 20.22 Uhr wieder aufgenommen wurde. Woher die Drohne kam und wer sie steuerte, ist laut Polizei unklar.\u00a0\n<\/p>\n<p class=\"paragraph article__item\">Die Unterbrechung betraf nach ersten Informationen nur einzelne Fl\u00fcge. So musste ein Flug von London nach Bremen laut dem Regionalmagazin buten un binnen nach Hamburg umgeleitet werden. Eine andere Maschine von Bremen nach London habe nicht rechtzeitig starten k\u00f6nnen.\n<\/p>\n<p class=\"paragraph article__item\">Es ist ein weiterer Vorfall in einer Reihe von Drohnen\u00fcberfl\u00fcgen an europ\u00e4ischen Flugh\u00e4fen und Milit\u00e4rst\u00fctzpunkten. Ebenfalls am Sonntag <a href=\"https:\/\/www.zeit.de\/politik\/ausland\/2025-11\/drohnen-militaerbasis-belgien-nato\" class=\"\" target=\"_blank\" rel=\"noopener\">wurden \u00fcber dem belgischen Nato-St\u00fctzpunkt Kleine-Brogel Drohnen gesichtet<\/a>, deren Herkunft bisher ebenfalls unbekannt ist. Am Freitag stellte der Berliner Flughafen BER den Betrieb f<a href=\"https:\/\/www.zeit.de\/mobilitaet\/2025-10\/drohnen-berlin-flughafen-sperrung\" class=\"\" target=\"_blank\" rel=\"noopener\">\u00fcr zwei Stunden ein<\/a>, nachdem eine Drohne gesichtet worden war. Anfang Oktober hatten Drohnen unbekannter Herkunft den Flugbetrieb am zweitgr\u00f6\u00dften deutschen Flughafen in M\u00fcnchen gest\u00f6rt.\n<\/p>\n<p class=\"paragraph article__item\">Verd\u00e4chtige Drohnen wurden auch in anderen L\u00e4ndern wie D\u00e4nemark, Polen und Norwegen entdeckt. In mehreren F\u00e4llen wurde nachgewiesen, dass es sich um russische Drohnen handelte. Insbesondere in der N\u00e4he von Flugh\u00e4fen sind die Flugobjekte gef\u00e4hrlich, weil sie Starts und Landungen gef\u00e4hrden k\u00f6nnen. Sie sind daher im Radius von 1,5 Kilometern zu Flugh\u00e4fen verboten.\n<\/p>\n<p>            Drohnen        <\/p>\n<p>Mehr zum Thema<\/p>\n<p>                <a href=\"https:\/\/www.zeit.de\/kultur\/2025-09\/drohnen-polen-russland-nato-wladimir-putin-europa\" data-ct-label=\"Drohnen in Polen: Putins zweite Front\" target=\"_blank\" rel=\"noopener\"><\/p>\n<p>        Z+ (abopflichtiger Inhalt);<\/p>\n<p>    Drohnen in Polen:<br \/>\n                        Putins zweite Front<\/p>\n<p>                <\/a><\/p>\n<p>                <a href=\"https:\/\/www.zeit.de\/politik\/ausland\/2025-09\/russland-drohen-polen-test-krieg-ukraine\" data-ct-label=\"Russische Drohnen: Europa hat den Test nicht bestanden\" target=\"_blank\" rel=\"noopener\"><\/p>\n<p>        Z+ (abopflichtiger Inhalt);<\/p>\n<p>    Russische Drohnen:<br \/>\n                        Europa hat den Test nicht bestanden<\/p>\n<p>                <\/a><\/p>\n<p>                <a href=\"https:\/\/www.zeit.de\/digital\/internet\/2025-10\/russische-propaganda-drohnen-polen-berichterstattung-desinformation\" data-ct-label=\"Russische Propaganda: Wie Russland Desinformation zu Drohnenfl\u00fcgen \u00fcber Polen streute\" target=\"_blank\" rel=\"noopener\"><\/p>\n<p>                        Russische Propaganda:<br \/>\n                        Wie Russland Desinformation zu Drohnenfl\u00fcgen \u00fcber Polen streute<\/p>\n<p>                <\/a><\/p>\n","protected":false},"excerpt":{"rendered":"Am Bremer Flughafen ist der Flugverkehr nach Sichtung einer weiteren Drohne kurzzeitig unterbrochen worden. Ein Sprecher der Polizei&hellip;\n","protected":false},"author":2,"featured_media":546374,"comment_status":"","ping_status":"","sticky":false,"template":"","format":"standard","meta":{"footnotes":""},"categories":[1824],"tags":[2420,3364,29,115020,2109,844,30,1466,121],"class_list":{"0":"post-546373","1":"post","2":"type-post","3":"status-publish","4":"format-standard","5":"has-post-thumbnail","7":"category-bremen","8":"tag-bremen","9":"tag-de","10":"tag-deutschland","11":"tag-drohnensichtung","12":"tag-flughafen","13":"tag-flugverkehr","14":"tag-germany","15":"tag-mobilitaet","16":"tag-polizei"},"share_on_mastodon":{"url":"https:\/\/pubeurope.com\/@de\/115482632142064039","error":""},"_links":{"self":[{"href":"https:\/\/www.europesays.com\/de\/wp-json\/wp\/v2\/posts\/546373","targetHints":{"allow":["GET"]}}],"collection":[{"href":"https:\/\/www.europesays.com\/de\/wp-json\/wp\/v2\/posts"}],"about":[{"href":"https:\/\/www.europesays.com\/de\/wp-json\/wp\/v2\/types\/post"}],"author":[{"embeddable":true,"href":"https:\/\/www.europesays.com\/de\/wp-json\/wp\/v2\/users\/2"}],"replies":[{"embeddable":true,"href":"https:\/\/www.europesays.com\/de\/wp-json\/wp\/v2\/comments?post=546373"}],"version-history":[{"count":0,"href":"https:\/\/www.europesays.com\/de\/wp-json\/wp\/v2\/posts\/546373\/revisions"}],"wp:featuredmedia":[{"embeddable":true,"href":"https:\/\/www.europesays.com\/de\/wp-json\/wp\/v2\/media\/546374"}],"wp:attachment":[{"href":"https:\/\/www.europesays.com\/de\/wp-json\/wp\/v2\/media?parent=546373"}],"wp:term":[{"taxonomy":"category","embeddable":true,"href":"https:\/\/www.europesays.com\/de\/wp-json\/wp\/v2\/categories?post=546373"},{"taxonomy":"post_tag","embeddable":true,"href":"https:\/\/www.europesays.com\/de\/wp-json\/wp\/v2\/tags?post=546373"}],"curies":[{"name":"wp","href":"https:\/\/api.w.org\/{rel}","templated":true}]}}