{"id":546389,"date":"2025-11-02T23:18:18","date_gmt":"2025-11-02T23:18:18","guid":{"rendered":"https:\/\/www.europesays.com\/de\/546389\/"},"modified":"2025-11-02T23:18:18","modified_gmt":"2025-11-02T23:18:18","slug":"landesliga-union-nettetal-feiert-30-sieg-gegen-turu-duesseldorf","status":"publish","type":"post","link":"https:\/\/www.europesays.com\/de\/546389\/","title":{"rendered":"Landesliga: Union Nettetal feiert 3:0-Sieg gegen TuRu D\u00fcsseldorf"},"content":{"rendered":"<p class=\"text_ohne_einzug richtext text-em-55 !leading-serif mx-6 desktop:mx-0\">Der SC Union <a href=\"https:\/\/rp-online.de\/thema\/nettetal\/\" rel=\"nofollow noopener\" target=\"_blank\">Nettetal<\/a> hat am Sonntag trotz gro\u00dfer personeller Engp\u00e4sse die Ergebniskrise der vergangenen Wochen hinter sich gelassen und einen 3:0-Heimsieg gegen TuRu D\u00fcsseldorf geholt. Zuvor gab es nur einen Sieg aus den vergangenen f\u00fcnf Partien. Gegen D\u00fcsseldorf lief die Partie jedoch sofort vielversprechend f\u00fcr die Mannschaft von Kemal Kuc: Bereits in der 1. Minute fiel das 1:0 f\u00fcr Nettetal. Ein langer Einwurf von Pascal Schellhammer segelte in den Strafraum, wurde verl\u00e4ngert und landete zentral vor den F\u00fc\u00dfen von Branimir Galic, der gedankenschnell reagierte und den Ball \u00fcber die Linie dr\u00fcckte.<\/p>\n","protected":false},"excerpt":{"rendered":"Der SC Union Nettetal hat am Sonntag trotz gro\u00dfer personeller Engp\u00e4sse die Ergebniskrise der vergangenen Wochen hinter sich&hellip;\n","protected":false},"author":2,"featured_media":546390,"comment_status":"","ping_status":"","sticky":false,"template":"","format":"standard","meta":{"footnotes":""},"categories":[1831],"tags":[3364,29,3405,30,9262,15873,16852,39198,6228,29261,1209,40995,6963,19862,856,100118],"class_list":{"0":"post-546389","1":"post","2":"type-post","3":"status-publish","4":"format-standard","5":"has-post-thumbnail","7":"category-duesseldorf","8":"tag-de","9":"tag-deutschland","10":"tag-duesseldorf","11":"tag-germany","12":"tag-halbzeit","13":"tag-heimsieg","14":"tag-mannschaft","15":"tag-mennrath","16":"tag-minute","17":"tag-nettetal","18":"tag-nordrhein-westfalen","19":"tag-schlussminute","20":"tag-sieg","21":"tag-turu","22":"tag-union","23":"tag-zitzen"},"share_on_mastodon":{"url":"https:\/\/pubeurope.com\/@de\/115482663603277055","error":""},"_links":{"self":[{"href":"https:\/\/www.europesays.com\/de\/wp-json\/wp\/v2\/posts\/546389","targetHints":{"allow":["GET"]}}],"collection":[{"href":"https:\/\/www.europesays.com\/de\/wp-json\/wp\/v2\/posts"}],"about":[{"href":"https:\/\/www.europesays.com\/de\/wp-json\/wp\/v2\/types\/post"}],"author":[{"embeddable":true,"href":"https:\/\/www.europesays.com\/de\/wp-json\/wp\/v2\/users\/2"}],"replies":[{"embeddable":true,"href":"https:\/\/www.europesays.com\/de\/wp-json\/wp\/v2\/comments?post=546389"}],"version-history":[{"count":0,"href":"https:\/\/www.europesays.com\/de\/wp-json\/wp\/v2\/posts\/546389\/revisions"}],"wp:featuredmedia":[{"embeddable":true,"href":"https:\/\/www.europesays.com\/de\/wp-json\/wp\/v2\/media\/546390"}],"wp:attachment":[{"href":"https:\/\/www.europesays.com\/de\/wp-json\/wp\/v2\/media?parent=546389"}],"wp:term":[{"taxonomy":"category","embeddable":true,"href":"https:\/\/www.europesays.com\/de\/wp-json\/wp\/v2\/categories?post=546389"},{"taxonomy":"post_tag","embeddable":true,"href":"https:\/\/www.europesays.com\/de\/wp-json\/wp\/v2\/tags?post=546389"}],"curies":[{"name":"wp","href":"https:\/\/api.w.org\/{rel}","templated":true}]}}