{"id":546421,"date":"2025-11-02T23:37:15","date_gmt":"2025-11-02T23:37:15","guid":{"rendered":"https:\/\/www.europesays.com\/de\/546421\/"},"modified":"2025-11-02T23:37:15","modified_gmt":"2025-11-02T23:37:15","slug":"peter-federer-erhaelt-goldene-traube-fuer-sein-lebenswerk-als-eisenplastiker","status":"publish","type":"post","link":"https:\/\/www.europesays.com\/de\/546421\/","title":{"rendered":"Peter Federer erh\u00e4lt \u00abGoldene Traube\u00bb f\u00fcr sein Lebenswerk als Eisenplastiker"},"content":{"rendered":"<p>Eine besondere \u00dcberraschung erwartete den Widnauer Eisenplastiker Peter Federer an der Vernissage von J\u00fcrg Ruess in der Galerie Art d&#8217;Os\u00e9ra. Im Rahmen der Veranstaltung wurde ihm von den Freunden der Galerie\u00a0 die zweite\u00a0 \u00abGoldene Traube\u00bb \u00fcberreicht. Der Kulturpreis, der im vergangenen Jahr erstmals im Rheintal verliehen wurde, w\u00fcrdigt herausragende Verdienste um die regionale Kunst und Kultur.In einer kurzen, stichwortartigen Laudatio ehrte K\u00fcnstlerkollege Kuspi den Eisenplastiker und hob dessen jahrzehntelanges Wirken hervor. Peter Federer habe mit seinen kraftvollen und zugleich poetischen Eisenplastiken nicht nur das Rheintal, sondern den gesamten \u00f6ffentlichen Raum der Schweiz nachhaltig gepr\u00e4gt.<\/p>\n<p>Bedeutender Vertreter seines Genres<\/p>\n<p>Der 1940 geborene K\u00fcnstler erlangte im Jahr\u00a0 1979 durch den Gewinn eines eidgen\u00f6ssischen Wettbewerbs seinen endg\u00fcltigen Durchbruch. Damals konnte er die monumentale Gruppe\u00a0 \u00abRuhn\u00bb vor der Kaserne in D\u00fcbendorf realisieren. Seither sind seine Plastiken an zahlreichen Orten der Schweiz zu finden, unter anderem in D\u00fcbendorf, St.Gallen, Flawil, Berneck, Rebstein, Widnau, Au, Dietlikon, Z\u00fcrich, Bern, Basel, Locarno und Wettingen.<\/p>\n<p>Federer gilt als einer der bedeutendsten Vertreter der Eisenplastik in der Ostschweiz. Durch Wettbewerbe und Direktauftr\u00e4ge tr\u00e4gt er seit Jahren dazu bei, den \u00f6ffentlichen Raum mit kraftvollen, eigenst\u00e4ndigen Werken zu bereichern.<\/p>\n<p>K\u00fcnstler stellte sich mangels Laudator selbst vor <\/p>\n<p>Da der vorgesehene Laudator kurzfristig absagen musste, nutzte der Bernecker K\u00fcnstler J\u00fcrg Ruess die Gelegenheit, sich und sein Schaffen selbst vorzustellen. Er berichtete von seinem Weg zur Kunst und seiner Leidenschaft f\u00fcr Gesichter und K\u00f6rper. <\/p>\n<p>                <img decoding=\"async\" src=\"https:\/\/www.europesays.com\/de\/wp-content\/uploads\/2025\/11\/vdl-goldene-traube-1.jpg\" class=\"img-fluid\" alt=\"J\u00fcrg Ruess (links) stellte sich und seine Kunst vor.\" title=\"J\u00fcrg Ruess (links) stellte sich und seine Kunst vor.\"\/><\/p>\n<p>\n                        J\u00fcrg Ruess (links) stellte sich und seine Kunst vor.\n                    <\/p>\n<p>Er sei kein Sch\u00f6nzeichner, sagte Ruess, sondern ein Schnellzeichner und stets auf der Suche nach spannenden, lebendigen Posen. Fehler seien f\u00fcr ihn kein Makel, sondern Teil des kreativen Prozesses.<\/p>\n<p>Auch \u00fcber seine Skulpturen sprach der K\u00fcnstler, deren Entstehung eng mit dem spontanen und instinktiven Moment verbunden sei.<\/p>\n<p>                <img decoding=\"async\" src=\"https:\/\/www.europesays.com\/de\/wp-content\/uploads\/2025\/11\/vdl-goldene-traube-3.jpg\" class=\"img-fluid\" alt=\"Musikalische Leckerbissen mit den \u00abFlying Sofas\u00bb.   \" title=\"Musikalische Leckerbissen mit den \u00abFlying Sofas\u00bb.   \"\/><\/p>\n<p>\n                        Musikalische Leckerbissen mit den \u00abFlying Sofas\u00bb.\n                    <\/p>\n<p>Musikalisch wurde der Abend von den Flying Sofas, bestehend aus Carlo Lorenzi, Patrick Kessler sowie den Br\u00fcdern Alexander und Konstantin Wladigeroff, umrahmt. Rund 250 G\u00e4ste genossen einen stimmungsvollen Abend voller Kunst und Musik.<\/p>\n","protected":false},"excerpt":{"rendered":"Eine besondere \u00dcberraschung erwartete den Widnauer Eisenplastiker Peter Federer an der Vernissage von J\u00fcrg Ruess in der Galerie&hellip;\n","protected":false},"author":2,"featured_media":546422,"comment_status":"","ping_status":"","sticky":false,"template":"","format":"standard","meta":{"footnotes":""},"categories":[1775],"tags":[1793,29,214,30,2075,1794,50721,828,8718,215],"class_list":{"0":"post-546421","1":"post","2":"type-post","3":"status-publish","4":"format-standard","5":"has-post-thumbnail","7":"category-kunst-und-design","8":"tag-art-and-design","9":"tag-deutschland","10":"tag-entertainment","11":"tag-germany","12":"tag-kunst","13":"tag-kunst-und-design","14":"tag-kunstschaffende","15":"tag-preis","16":"tag-preisverleihung","17":"tag-unterhaltung"},"share_on_mastodon":{"url":"https:\/\/pubeurope.com\/@de\/115482738332017944","error":""},"_links":{"self":[{"href":"https:\/\/www.europesays.com\/de\/wp-json\/wp\/v2\/posts\/546421","targetHints":{"allow":["GET"]}}],"collection":[{"href":"https:\/\/www.europesays.com\/de\/wp-json\/wp\/v2\/posts"}],"about":[{"href":"https:\/\/www.europesays.com\/de\/wp-json\/wp\/v2\/types\/post"}],"author":[{"embeddable":true,"href":"https:\/\/www.europesays.com\/de\/wp-json\/wp\/v2\/users\/2"}],"replies":[{"embeddable":true,"href":"https:\/\/www.europesays.com\/de\/wp-json\/wp\/v2\/comments?post=546421"}],"version-history":[{"count":0,"href":"https:\/\/www.europesays.com\/de\/wp-json\/wp\/v2\/posts\/546421\/revisions"}],"wp:featuredmedia":[{"embeddable":true,"href":"https:\/\/www.europesays.com\/de\/wp-json\/wp\/v2\/media\/546422"}],"wp:attachment":[{"href":"https:\/\/www.europesays.com\/de\/wp-json\/wp\/v2\/media?parent=546421"}],"wp:term":[{"taxonomy":"category","embeddable":true,"href":"https:\/\/www.europesays.com\/de\/wp-json\/wp\/v2\/categories?post=546421"},{"taxonomy":"post_tag","embeddable":true,"href":"https:\/\/www.europesays.com\/de\/wp-json\/wp\/v2\/tags?post=546421"}],"curies":[{"name":"wp","href":"https:\/\/api.w.org\/{rel}","templated":true}]}}