{"id":546455,"date":"2025-11-02T23:58:21","date_gmt":"2025-11-02T23:58:21","guid":{"rendered":"https:\/\/www.europesays.com\/de\/546455\/"},"modified":"2025-11-02T23:58:21","modified_gmt":"2025-11-02T23:58:21","slug":"quo-vadis-mainzer-carneval-verein-mcv-praesident-schoenig-muss-sich-herausforderer-stellen-vahl-will-vision-fastnacht-2040","status":"publish","type":"post","link":"https:\/\/www.europesays.com\/de\/546455\/","title":{"rendered":"Quo vadis Mainzer Carneval Verein? &#8211; MCV-Pr\u00e4sident Sch\u00f6nig muss sich Herausforderer stellen &#8211; Vahl will Vision &#8222;Fastnacht 2040&#8220;"},"content":{"rendered":"<p>Er ist der gr\u00f6\u00dfte Mainzer Fastnachtsverein, und ohne ihn g\u00e4be es weder Stra\u00dfenfastnacht noch Rosenmontagszug: Der Mainzer Carneval, Verein (MCV) hat eine Schl\u00fcsselrolle in der Mainzer Fastnacht. Umso wichtiger ist, wer an der Spitze des Vereins steht \u2013 und die wird nun neu gew\u00e4hlt: Am Dienstag stellt sich der amtierende MCV-Pr\u00e4sident Hannsgeorg Sch\u00f6nig das erste Mal zur Wiederwahl, und sieht sich dabei einem Herausforderer gegen\u00fcber: Christian Vahl will den MCV moderner aufstellen und fordert, der Verein brauche eine \u201eVision Fastnacht 2040\u201c.<\/p>\n<p><img loading=\"lazy\" decoding=\"async\" class=\"wp-image-49161\" src=\"https:\/\/www.europesays.com\/de\/wp-content\/uploads\/2025\/11\/Hannsgeorg-Schoenig-mit-MCV-Logo-und-Zugplakettche-neu-kleiner-300x243.jpg\" alt=\"Hannsgeorg Sch\u00f6nig ist seit drei Jahren Pr\u00e4sident des MCV. - Foto: gik\" width=\"380\" height=\"307\"  \/>Hannsgeorg Sch\u00f6nig ist seit drei Jahren Pr\u00e4sident des MCV. \u2013 Foto: gik<\/p>\n<p>Drei Jahre betr\u00e4gt die Amtszeit eines Pr\u00e4sidenten beim Mainzer Carneval-Verein, im September 2022 bekam der MCV wieder einmal einen neuen: Der Bankkaufmann und langj\u00e4hrige Fraktionschef der CDU im Mainzer Stadtrat, Hannsgeorg Sch\u00f6nig, <a href=\"https:\/\/mainzund.de\/mainzer-mcv-hat-neuen-praesidenten-hannsgeorg-schoenig-mit-70-prozent-der-stimmen-gewaehlt\/\" target=\"_blank\" rel=\"noopener nofollow\">wurde mit 70 Prozent der Stimmen zum neuen MCV-Chef gew\u00e4hlt<\/a>. 77 von 109 Stimmen entfielen damals auf Sch\u00f6nig, der bei der Wahl allerdings keinen Gegenkandidaten hatte.<\/p>\n<p>Das wird sich am kommenden Dienstag \u00e4ndern: \u201eJa, ich kandidiere als MCV-Pr\u00e4sident\u201c, best\u00e4tigte Christian Vahl, fr\u00fcherer Leiter der Mainzer Herzchirurgie, im Gespr\u00e4ch mit Mainz&amp;. \u201eIn einer demokratischen Gesellschaft muss man eine Wahl haben\u201c, begr\u00fcndete Vahl seine Kandidatur, er sei von Vielen gebeten worden, anzutreten. Seine Motivation: \u201eEs ist eine Richtungsentscheidung: soll es im MCV weiter gehen wie bisher, oder man will sich den Anforderungen der Zukunft stellen?\u201c Es brauche eine Vision, wie sich die Mainzer Fastnacht in Zukunft aufstellen solle, \u201eund daran fehlt, es aus meiner Sicht derzeit im MCV.\u201c<\/p>\n<p>&#8211; Werbung &#8211; <a href=\"https:\/\/mainzund.de\/werben-auf-mainzund\/\/\" target=\"_blank\" rel=\"noopener nofollow\"><img loading=\"lazy\" decoding=\"async\" class=\"alignnone\" src=\"https:\/\/www.europesays.com\/de\/wp-content\/uploads\/2025\/04\/Banner-Tulpen-Text-neu-1068.jpg\" alt=\"Werben auf Mainz&amp;\" width=\"468\" height=\"60\"\/><\/a><\/p>\n<p>\u00a0<\/p>\n<p>Vahl: MCV braucht neue Mitgliedsmodelle, Vision Fastnacht 2040<\/p>\n<p>Die Gegenkandidatur ist durchaus brisant, hatte Sch\u00f6nig doch vor drei Jahren versprochen, er wolle die Kommunikation zu den Mitgliedern verbessern und \u201eGr\u00e4ben zusch\u00fctten\u201c. Genau diese Gr\u00e4ben hatten den MCV die vergangenen Jahre mehrfach zerrissen: Er w\u00fcnsche sich, dass der Verein \u201ejetzt endlich mal in ruhigem Fahrwasser l\u00e4uft\u201c, hatte der damalige Kapit\u00e4n der Mainzer Hofs\u00e4nger, Christoph Clemens, vor Sch\u00f6nigs Wahl gegen\u00fcber Mainz&amp; gesagt, und betont: \u201eWir brauchen einen starken MCV, und nicht immer linkes Lager, rechtes Lager.\u201c<\/p>\n<p><img loading=\"lazy\" decoding=\"async\" class=\"wp-image-54195\" src=\"https:\/\/www.europesays.com\/de\/wp-content\/uploads\/2025\/11\/Naerrische-Nachtvorlesung-2025-Christian-Vahl-Begruessung-kleiner-300x211.jpg\" alt=\"Christian Vahl ist Erfinder der &quot;Unsichtbaren R\u00f6mergarde&quot; sowie der N\u00e4rrischen Nachtvorlesung. - Foto: gik\" width=\"380\" height=\"268\"  \/>Christian Vahl ist Erfinder der \u201eUnsichtbaren R\u00f6mergarde\u201c sowie der N\u00e4rrischen Nachtvorlesung. \u2013 Foto: gik<\/p>\n<p>Doch das scheint auch Sch\u00f6nig nicht gelungen zu sein, Kritiker werfen ihm genau wie seinem Vorg\u00e4nger Reinhard Urban vor, einen eher autorit\u00e4ren Stil gepflegt und vielfach einsame Entscheidungen getroffen zu haben. \u201eDie Fastnacht braucht keine K\u00f6nige\u201c, begr\u00fcndete nun auch Vahl seine Gegenkandidatur. Der MCV m\u00fcsse sich viel st\u00e4rker f\u00fcr neue Beteiligungsformen \u00f6ffnen und \u201eauch neue Ideen zulassen\u201c, sagte Vahl weiter: \u201eWir brauchen partizipative Modelle, wo auch Menschen mit Migrationshintergrund st\u00e4rker teilnehmen. Wir brauchen neue Mitgliedsmodelle, die Fastnacht muss\u00a0wirklich offen sein, wirklich f\u00fcr alle.\u201c Dazu geh\u00f6re auch, dass jede Generation ihre eigenen Zug\u00e4nge zum MCV brauche.<\/p>\n<p>\u201eDie Fastnacht \u00e4ndert sich, andere Vereine sind uns da um L\u00e4ngen voraus\u201c, sagte Vahl weiter: \u201eMan muss sich doch \u00fcberlegen: Wie soll die Mainzer Fastnacht in 15 Jahren aussehen?\u201c Gerade der MCV als Ausrichter der Stra\u00dfenfastnacht m\u00fcsse eine \u201eVision Fastnacht 2040\u201c entwickeln, fordert Vahl, dazu geh\u00f6re eine st\u00e4rkere Einbindung junger Nachwuchsnarren, aber auch die Gestaltung der digitalen Transformation \u2013 \u201eohne dass man die Begegnung der Menschen untereinander reduziert.\u201c<\/p>\n<p>\u00a0<\/p>\n<p>Sch\u00f6nig zieht positive Bilanz: wirtschaftliche Stabilit\u00e4t und Sanierung<\/p>\n<p>Eine positive Bilanz seiner Amtszeit zieht derweil aber auch Amtsinhaber Hannsgeorg Sch\u00f6nig: \u201eDie Bilanz ist gut, ich bin da sehr zuversichtlich\u201c, sagte Sch\u00f6nig im Gespr\u00e4ch mit Mainz&amp;: \u201eEs gibt gute Gr\u00fcnde das, was ich in den letzten drei Jahren mit meinem Vorstand begonnen habe, noch weiter fortzusetzen.\u201c Besonders wichtig sei ihm, \u201edie wirtschaftliche Stabilit\u00e4t des MCV weiterhin gew\u00e4hrleisten\u201c, Sch\u00f6nig sieht sich da als Bankfachmann an der richtigen Stelle. Bei seinen Vorg\u00e4ngern seien \u201edie Kassen bis in die letzte Ecke ausgekehrt\u201c, betonte er.<\/p>\n<p><img loading=\"lazy\" decoding=\"async\" class=\"wp-image-45254\" src=\"https:\/\/www.europesays.com\/de\/wp-content\/uploads\/2025\/11\/MCV-Praesident-Schoenig-am-11.11.-auf-der-Buehne-mit-Uhr-kleiner-200x300.jpg\" alt=\"Hannsgeorg Sch\u00f6nig am 11.11. auf dem Mainzer Schillerplatz. - Foto: gik\" width=\"320\" height=\"481\"  \/>Hannsgeorg Sch\u00f6nig am 11.11. auf dem Mainzer Schillerplatz. \u2013 Foto: gik<\/p>\n<p>Auch sei in den vergangene 10 bis 15 Jahren nichts in den Erhalt der MCV-Geb\u00e4ude investiert worden, das betraf vor allem die Wagenhallen in Mainz-Mombach. \u201eWir haben die eine Halle energetisch generalsaniert\u201c, betont Sch\u00f6nig. Zudem musste der MCV nach dem Tod von <a href=\"https:\/\/mainzund.de\/e-i-l-dieter-wenger-ist-tot-mainzer-wagenbauer-meister-der-motivwagen-und-vater-der-zugente-stirbt-ueberraschend-mit-84-jahren\/\" target=\"_blank\" rel=\"noopener nofollow\">Wagenbau-Legende Dieter Wenger<\/a> die Nachfolge regeln. Mit dem <a href=\"https:\/\/mainzund.de\/gonsenheimer-stefan-hisge-wird-neuer-wagenbauer-des-mainzer-carneval-vereins-motivwagen-sind-fuer-mich-mainzer-kulturerbe\/\" target=\"_blank\" rel=\"noopener nofollow\">neuen Wagenbauer Stefan Hisge<\/a> sei das sehr gut gelungen. Zudem schaffte es Sch\u00f6nig als erster MCV-Pr\u00e4sident \u00fcberhaupt, die Stadt Mainz an den Kosten f\u00fcr den Rosenmontag zu beteiligen: 2025 steuerte die Stadt Mainz <a href=\"https:\/\/mainzund.de\/stadt-mainz-unterstuetzt-rosenmontagszug-mit-200-000-euro-auch-finther-zug-der-lebensfreue-erhaelt-foerderung\/\" target=\"_blank\" rel=\"noopener nofollow\">erstmals 200.000 Euro f\u00fcr Securitykosten<\/a> bei.<\/p>\n<p>Immer wieder mahnte Sch\u00f6nig als MCV-Pr\u00e4sident wegen der massiv gestiegenen Kosten f\u00fcr die Mainzer Stra\u00dfenfastnacht auch mehr Solidarit\u00e4t der anderen Fastnachtsvereine an, ab 2026 will sich nun auch die Mainzer Fastnacht Genossenschaft mit 90.000 Euro an der Finanzierung des Rosenmontagszuges beteiligen. Dass Sch\u00f6nig nun aber auch kleinen Vereinen 1.900 Euro f\u00fcr die Teilnahme am Rosenmontagszug in Rechnung stellen und <a href=\"https:\/\/mainzund.de\/weniger-wagen-mehr-blockordner-gebuendelter-laufen-so-will-der-mainzer-carneval-verein-den-rosenmontagszug-kuerzer-machen\/\" target=\"_blank\" rel=\"noopener nofollow\">den gro\u00dfen Mainzer Fastnachtsumzug drastisch k\u00fcrzen will<\/a>, stie\u00df zuletzt auf scharfe Kritik.<\/p>\n<p>\u00a0<\/p>\n<p>Eintritt am 11.11., Rucki Zucki Dance Night und Straffung RomoZug<\/p>\n<p>Auch die Einf\u00fchrung von Eintrittskarten f\u00fcr den 11.11. auf dem Mainzer Schillerplatz sorgte f\u00fcr viel Gegenwind f\u00fcr den MCV-Pr\u00e4sidenten, Sch\u00f6nig verteidigte das stets mit den gestiegenen Sicherheitsauflagen. Scharfe Kritik gab es zuletzt auch an der Umstellung der Zugplakettcher auf digitale Modelle aus dem 3D-Druck: Die neuen Umh\u00e4ngefig\u00fcrchen seien <a href=\"https:\/\/mainzund.de\/fastnachtskampagne-2025-in-mainz-narren-starten-mit-neujahrsumzug-helaukalender-und-jubilaeumsedition-zugplakettche\/\" target=\"_blank\" rel=\"noopener nofollow\">potth\u00e4sslich und animierten \u00fcberhaupt nicht mehr zum Kauf<\/a>, klagten Fans zuletzt reihenweise. 2024 hatte Sch\u00f6nig gar mit dem \u201eSchoppestecher\u201c <a href=\"https:\/\/mainzund.de\/mainzer-zugplakettche-2024-zu-grau-fastnachter-verleihen-schoppestecher-vierfarbbunte-farbe\/\" target=\"_blank\" rel=\"noopener nofollow\">ein Zugplakettcher in tristem Grau pr\u00e4sentiert<\/a>, viele Ur-Fastnachter animierte das zu allerlei kreativen \u00c4nderungen.<\/p>\n<p>\u201eWir haben im Zuge der Digitalisierung und Weiterentwicklung des Vereins viele Dinge ver\u00e4ndert\u201c, betont Sch\u00f6nig hingegen. Es gebe jetzt die Kartenbestellung \u00fcbers Internet, und deutlich mehr digitale Kommunikation innerhalb des Vereins, dazu auch neue Formate wie etwa die \u201eRuckiZucki Dance Night.\u201c<\/p>\n<p>Er habe auch \u201edas Zusammengeh\u00f6rigkeitsgef\u00fchl deutlich voran getrieben\u201c, betonte Sch\u00f6nig zudem, \u201ewir f\u00fchlen uns wieder als gro\u00dfer Verein, wo alle Aussch\u00fcsse gleichberechtigt am Gro\u00dfen und Ganzen mitwirken.\u201c F\u00fcr die Zukunft nennt Sch\u00f6nig vor allem die weitere Sanierung der Wagenhallen, ein noch digitaleres\u00a0Kommunikations- und Veranstaltungsmanagement sowie ein verbesserter Service und die Entwicklung neuerer Formate.<\/p>\n<p>Werbung<\/p>\n<p><a href=\"https:\/\/mainzund.de\/mainz-solidar-abo-faq-und-anleitung\/\" target=\"_blank\" aria-label=\"Banner Abo Mainz&amp; mit Logo\" rel=\"nofollow noopener\"><img fetchpriority=\"high\" decoding=\"async\" src=\"https:\/\/www.europesays.com\/de\/wp-content\/uploads\/2025\/09\/Banner-Abo-Mainz-mit-Logo.jpg\" alt=\"\"   width=\"1289\" height=\"744\"\/><\/a>Vahl: Neue Formate, neue Sponsoring-Modelle und Netzwerke<\/p>\n<p>Vahl reicht das nicht:\u00a0Der MCV m\u00fcsse st\u00e4rker \u201edort sein, wo die Menschen sind\u201c, f\u00fcr die Zukunft brauche es deshalb mehr hybride Veranstaltungsformate, und auch neue Formen wie etwa 3D-Fastnachtsf\u00fchrungen. \u201eFast den ganze Rhein entlang, leben Fastnacht und Karneval von N\u00e4he und Begegnung\u201c, sagte Vahl weiter, \u201eaber das hei\u00dft doch nicht, dass man Internet und Tiktok ausschlie\u00dft.\u201c Auch \u00fcber \u201eerweiterte Umzugskorridore\u201c k\u00f6nne man nachdenken, findet Vahl, er pl\u00e4diere auch f\u00fcr mehr Aftershow-Events statt einer reinen Konzentration auf die gro\u00dfen Sitzungen und den Rosenmontagszug.<\/p>\n<p><img loading=\"lazy\" decoding=\"async\" class=\"wp-image-45123\" src=\"https:\/\/www.europesays.com\/de\/wp-content\/uploads\/2025\/11\/Saturnalien-2022-mit-Christian-Vahl-kleiner-neu-300x247.jpg\" alt=\"Christian Vahl gilt als Erfinder der &quot;N\u00e4rrischen Nachtvorlesung&quot; und der &quot;Saturnalien&quot; sowie als Gr\u00fcnder der &quot;Unsichtbaren R\u00f6mergarde&quot;. - Foto: gik \" width=\"380\" height=\"312\"  \/>Christian Vahl gilt als Erfinder der \u201eN\u00e4rrischen Nachtvorlesung\u201c und der \u201eSaturnalien\u201c sowie als Gr\u00fcnder der \u201eUnsichtbaren R\u00f6mergarde\u201c. \u2013 Foto: gik<\/p>\n<p>Daf\u00fcr brauche es aber auch neue Sponsoring-Modelle f\u00fcr die Stra\u00dfenfastnacht, betont Vahl: \u201eMainz hat 500.000 Besucher, warum beteiligt man die nicht st\u00e4rker an der Finanzierung?\u201c sinniert er. M\u00f6glichkeiten k\u00f6nnten vielleicht App-Modelle sein, bei denen etwa ein Euro abgebucht wird, sobald jemand eine bestimmte Gastst\u00e4tte an Rosenmontag besuche. \u201eOder man denkt \u00fcber Modelle nach, wie beim Oktoberfest in M\u00fcnchen, dass etwa Wein und Bier zur Fastnacht einen Euro teurer sind, weil damit die Stadt die Fastnacht finanziert.\u201c<\/p>\n<p>Vahl wei\u00df, dass solche Ideen auch auf Kritik sto\u00dfen werden, er fordert aber: \u201eMan muss solche Ideen besprechen, wir brauchen andere Finanzierungsmodelle \u2013 ich glaube nicht mehr, dass ein Einzelverein auf Dauer den Rosenmontagszug organisieren sollte, egal welcher verein das ist.\u201c F\u00fcr ein Event dieser Gr\u00f6\u00dfenordnung brauche es ein Netzwerk nach dem Vorbild des K\u00f6lner Karnevals, betont Vahl, dort wird die gesamte Karnevalsorganisation vom Festkomitee K\u00f6lner Karneval gelenkt, das auch die Dachorganisation f\u00fcr die Karnevalsvereine in der Stadt bildet.<\/p>\n<p>\u00a0<\/p>\n<p>Reinhard Urban kandidiert als Vize-Pr\u00e4sident f\u00fcr MCV<\/p>\n<p>\u201eWir m\u00fcssen Spielregeln f\u00fcr eine Mitgestaltung organisieren und neue Strukturen schaffen\u201c, fordert Vahl, auch die Vernetzung des MCV mit Schulen, Kitas und Vereinen \u2013 etwa in Form von Kooperationen \u2013 gebe es bisher \u00fcberhaupt nicht. Als ein weiteres Beispiel nennt Vahl das M\u00fcllproblem an Rosenmontag: \u201eWir geben eine Million Euro aus, um nach dem Zug den M\u00fcll zu beseitigen, das sind irre Betr\u00e4ge\u201c, sagt er. Es brauche bessere Konzepte zu M\u00fcllvermeidung, weniger Plastikeinsatz und umweltfreundlichere Logistik, sein Ziel sei, in drei Jahren nur noch die H\u00e4lfte des M\u00fcllaufkommens zu haben. Drehen k\u00f6nne man etwa an dem Wurfmaterial und den ausufernden Plastikbechern, Plastikflaschen k\u00f6nnten etwa in einem Pfandsystem zur\u00fcckgenommen werden.<\/p>\n<p><img loading=\"lazy\" decoding=\"async\" class=\"wp-image-28974\" src=\"https:\/\/www.europesays.com\/de\/wp-content\/uploads\/2025\/11\/MCV-Pr\u00e4sident-Urban-am-11.11.-auf-dem-Balkon-des-Osteiner-Hof-kleiner-199x300.jpg\" alt=\"Reinhard Urban als MCV-Pr\u00e4sident am 11.11. auf dem Balkon des Osteiner Hofs. - Foto: gik\" width=\"320\" height=\"481\"  \/>Reinhard Urban als MCV-Pr\u00e4sident am 11.11. auf dem Balkon des Osteiner Hofs. \u2013 Foto: gik<\/p>\n<p>\u201eF\u00fcr diese Fragen m\u00fcsste man einzelne Arbeitsgruppen machen\u201c, sagt Vahl \u2013 gelinge es, die Kosten f\u00fcr solche Ausgaben um die H\u00e4lfte zu reduzieren, sei auch wieder Geld f\u00fcr andere Projekte da. \u201eDer MCV muss wacher werden\u201c, fordert Vahl, \u201eer muss sich den Anforderungen der Gegenwart stellen, und Konzepte f\u00fcr die Zukunft entwickeln.\u201c Helfen soll Vahl dabei ausgerechnet Sch\u00f6nigs Vorg\u00e4nger: Der Rechtsmediziner Reinhard Urban hatte den MCV von 2016 bis 2022 als Pr\u00e4sident gef\u00fchrt, Urban \u00fcbernahm den Verein in finanziell turbulenten Zeiten und musste den MCV zeitweise gar mit privaten Finanzmitteln \u00fcber Wasser halten.<\/p>\n<p>Urban musste zudem ab 2020 die Corona-Pandemie mit ihren finanziell schwere Folgen f\u00fcr die Fastnacht bew\u00e4ltigen, 2022 trat er nicht zur Wiederwahl an \u2013 nun plant er ein Comeback: Urban werde als Vizepr\u00e4sident gemeinsam mit ihm kandidieren, best\u00e4tigte Vahl. Das Team sei zudem eingespielt, denn Vahl war bereits unter Urban im Vorstand des MCV t\u00e4tig. \u201eWir sind in den drei Jahren \u00fcberhaupt nicht fertig geworden, wir haben Lust die Dingen, die liegen geblieben sind, fertig zu machen\u201c, betonte er jetzt.<\/p>\n<p>Vahl: Experten f\u00fcr Finanzen und IT im Vorstand einbinden<\/p>\n<p>Vahl selbst ist ebenfalls seit vielen Jahren in der Fastnacht aktiv. Er ist Mitglied der Mainzer Prinzengarde und im Kasteler Karneval Club KCK aktiv. Er ist Gr\u00fcnder der \u201eUnsichtbaren R\u00f6mergarde\u201c, die sich als Bindeglied zwischen Fastnacht und r\u00f6mischem Erbe versteht, und er rief die \u201eN\u00e4rrische Nachtvorlesung\u201c an der Mainzer Uni ins Leben. Die R\u00f6mergarde wiederum veranstaltet seit drei Jahren am 11.11 die \u201eSaturnalien\u201c, das aus ihr hervorgegangene \u201eTrio Aeterna\u201c mit S\u00e4ngerin Kathrin Dohle und Vahl an der Gitarre tritt auf Fastnachtssitzungen auf.<\/p>\n<p><img loading=\"lazy\" decoding=\"async\" class=\"wp-image-54674\" src=\"https:\/\/www.europesays.com\/de\/wp-content\/uploads\/2025\/11\/Rosenmontag-2025-Prinzengarde-Vahl-2-kleiner-300x235.jpg\" alt=\"Christian Vahl in der Uniform der Mainzer Prinzengarde an Rosenmontag 2025. - Foto: gik\" width=\"380\" height=\"297\"  \/>Christian Vahl in der Uniform der Mainzer Prinzengarde an Rosenmontag 2025. \u2013 Foto: gik<\/p>\n<p>Vahl sagte, f\u00fcr die MCV-Wahl gebe es insgesamt ein f\u00fcnfk\u00f6pfiges Vorstandsteam, die Namen wollte er aber nicht nennen: Die Personen bef\u00fcrchteten Nachteile im MCV, sagte er. Derzeit sei der Verein \u201ewie eine Pr\u00e4sidialdemokratie organisiert\u201c, das sei nicht mehr zeitgem\u00e4\u00df, findet er: \u201eWir brauchen kreative und kritische Leute\u201c, betont Vahl, der auch f\u00fcr Experten von au\u00dfen pl\u00e4diert: \u201eIch bin daf\u00fcr, dass man Kompetenzen von au\u00dfen hinzu nimmt, etwa Unternehmensberater, Banker, oder IT-Fachleute\u201c, sagte Vahl.<\/p>\n<p>Sowohl Urban als auch er selbst h\u00e4tten gro\u00dfe Fachbereiche an der Mainzer Universit\u00e4tsmedizin geleitet, \u201eman kann nicht sagen, dass wir nichts von Finanzen verstehen\u201c, betonte er. Aber es sei einfach sinnvoll, den Vorstand durch neue Leute zu erweitern, \u201edie dazu beitragen k\u00f6nnen, dass man dem MCV ein modernes Gesicht gibt und ihn neu aufstellt.\u201c Wenn Mainz 2040 noch eine vern\u00fcnftige Fastnacht haben wolle, \u201eund wenn der MCV dann noch eine Rolle spielen soll, dann m\u00fcssen wir die Weichen jetzt stellen.\u201c<\/p>\n","protected":false},"excerpt":{"rendered":"Er ist der gr\u00f6\u00dfte Mainzer Fastnachtsverein, und ohne ihn g\u00e4be es weder Stra\u00dfenfastnacht noch Rosenmontagszug: Der Mainzer Carneval,&hellip;\n","protected":false},"author":2,"featured_media":546456,"comment_status":"","ping_status":"","sticky":false,"template":"","format":"standard","meta":{"footnotes":""},"categories":[1847],"tags":[133080,3364,29,548,663,3934,30,133081,13,2052,18565,18566,133082,14,15,133083,12,4544],"class_list":{"0":"post-546455","1":"post","2":"type-post","3":"status-publish","4":"format-standard","5":"has-post-thumbnail","7":"category-wiesbaden","8":"tag-christian-vahl","9":"tag-de","10":"tag-deutschland","11":"tag-eu","12":"tag-europa","13":"tag-europe","14":"tag-germany","15":"tag-hannsgeorg-schoenig","16":"tag-headlines","17":"tag-hessen","18":"tag-mainzer-carneval-verein","19":"tag-mainzer-fastnacht","20":"tag-mcv-praesident","21":"tag-nachrichten","22":"tag-news","23":"tag-rosenmontagszug-in-mainz","24":"tag-schlagzeilen","25":"tag-wiesbaden"},"share_on_mastodon":{"url":"https:\/\/pubeurope.com\/@de\/115482823752911816","error":""},"_links":{"self":[{"href":"https:\/\/www.europesays.com\/de\/wp-json\/wp\/v2\/posts\/546455","targetHints":{"allow":["GET"]}}],"collection":[{"href":"https:\/\/www.europesays.com\/de\/wp-json\/wp\/v2\/posts"}],"about":[{"href":"https:\/\/www.europesays.com\/de\/wp-json\/wp\/v2\/types\/post"}],"author":[{"embeddable":true,"href":"https:\/\/www.europesays.com\/de\/wp-json\/wp\/v2\/users\/2"}],"replies":[{"embeddable":true,"href":"https:\/\/www.europesays.com\/de\/wp-json\/wp\/v2\/comments?post=546455"}],"version-history":[{"count":0,"href":"https:\/\/www.europesays.com\/de\/wp-json\/wp\/v2\/posts\/546455\/revisions"}],"wp:featuredmedia":[{"embeddable":true,"href":"https:\/\/www.europesays.com\/de\/wp-json\/wp\/v2\/media\/546456"}],"wp:attachment":[{"href":"https:\/\/www.europesays.com\/de\/wp-json\/wp\/v2\/media?parent=546455"}],"wp:term":[{"taxonomy":"category","embeddable":true,"href":"https:\/\/www.europesays.com\/de\/wp-json\/wp\/v2\/categories?post=546455"},{"taxonomy":"post_tag","embeddable":true,"href":"https:\/\/www.europesays.com\/de\/wp-json\/wp\/v2\/tags?post=546455"}],"curies":[{"name":"wp","href":"https:\/\/api.w.org\/{rel}","templated":true}]}}