{"id":546518,"date":"2025-11-03T00:39:53","date_gmt":"2025-11-03T00:39:53","guid":{"rendered":"https:\/\/www.europesays.com\/de\/546518\/"},"modified":"2025-11-03T00:39:53","modified_gmt":"2025-11-03T00:39:53","slug":"fruehstarter-weihnachtsmarkt-in-essen-gluehwein-im-november-nrw","status":"publish","type":"post","link":"https:\/\/www.europesays.com\/de\/546518\/","title":{"rendered":"Fr\u00fchstarter-Weihnachtsmarkt in Essen: Gl\u00fchwein im November | NRW"},"content":{"rendered":"<p>Gl\u00fchwein, Lebkuchen und Lichterglanz schon Anfang November: Das gibt es allj\u00e4hrlich beim Fr\u00fchstarter-Weihnachtsmarkt in Essen-Steele. Ziel in diesem Jahr: Die Besucher-Million knacken.<\/p>\n<p id=\"absatz1\" class=\"em_text\">Knapp zwei Monate vor dem Fest hat im Essener Stadtteil Steele einer der ersten gro\u00dfen Weihnachtsm\u00e4rkte Deutschlands begonnen. Der Markt startet traditionell deutlich fr\u00fcher als andere M\u00e4rkte schon nach Allerheiligen und dauert ungew\u00f6hnlich lange bis zum 4. Januar, wie Organisator L\u00e9on Finger sagte.<\/p>\n<p>Millionengrenze soll geknackt werden<\/p>\n<p id=\"absatz2\" class=\"em_text\">Im vergangenen Jahr wurde die Besucherzahl f\u00fcr den Markt auch dank der langen \u00d6ffnungszeit auf 800.000 gesch\u00e4tzt. In diesem Jahr hoffe man, die Millionengrenze zu knacken, sagte Finger. Vor allem in den sozialen Medien sei die Resonanz gro\u00df. An die 100 St\u00e4nde werden aufgebaut.<\/p>\n<p><a class=\"link-img\" href=\"https:\/\/www.mt.de\/_em_daten\/_cache\/image\/1xSkZrbm5qenlidjRuZ05UTUhWYjVSc215UFA4cVhINFpXb3d6Vm5qVTBzYjJ4MDBwcTdLbWR4aWM1SHRsMGZ5SVF6cTg4MjRyVk52REhwOEY0SFFibS92TE5VRm10bHBMbGlhdnEwSHhXS3RpWGJRZDQwQlNsdllVS0FTRnFpM3k\/251102-1558-urn-newsml-dpa-com-20090101-251102-935-930521.webp\" data-fancybox=\"images\" data-caption=\"Andrang und ein Vorgeschmack auf die Weihnachtszeit beim Weihnachtsmarkt in Essen-Steele. - \u00a9 Roberto Pfeil\/dpa\" target=\"_blank\" rel=\"noopener\"><br \/>\n<img decoding=\"async\"  src=\"https:\/\/www.europesays.com\/de\/wp-content\/uploads\/2025\/11\/251102-1558-urn-newsml-dpa-com-20090101-251102-935-930521.webp.webp\" loading=\"lazy\" width=\"1000\" alt=\"Andrang und ein Vorgeschmack auf die Weihnachtszeit beim Weihnachtsmarkt in Essen-Steele. - \u00a9 Roberto Pfeil\/dpa\"\/><\/p>\n<p><\/a><\/p>\n<p>Andrang und ein Vorgeschmack auf die Weihnachtszeit beim Weihnachtsmarkt in Essen-Steele. &#8211; \u00a9 Roberto Pfeil\/dpa<\/p>\n<p id=\"absatz5\" class=\"em_text\">Zu den Attraktionen des Marktes z\u00e4hlen neben dem \u00fcblichen Gl\u00fchwein-, Bratwurst-, Lebkuchen- und Geschenkangebot drei Original-Lokomotiven. Viel Livemusik wird angeboten mit einem deutlichen Schwerpunkt auf Schlager- und Volksmusikinterpreten.<\/p>\n<p>Nikolaus landet &#8211; Weihnachtsbaum dreht sich<\/p>\n<p id=\"absatz6\" class=\"em_text\">Am 6. Dezember soll nach den Planungen wieder ein Nikolaus-Darsteller per Hubschrauber in den nahe gelegenen Ruhrwiesen landen und mit einer Pferdekutsche &#8211; gefolgt von vielen Kindern &#8211; zum Weihnachtsmarkt gebracht werden.<\/p>\n<p><a class=\"link-img\" href=\"https:\/\/www.mt.de\/_em_daten\/_cache\/image\/1xSkZrbm5qenlidjRuZ05UTUhWYjVSc215UFA4cVhINFpXb3d6Vm5qVTBzYjJ4MDBwcTdLbWR4aWM1SHRsMGZ5SVF6cTg4MjRyVk52REhwOEY0SFFibXpmSlRFMkZuR045S3Z1Mnp4UTVBUzdvTnplT3dueWdvOE15WW94Q2x5Tys\/251102-1558-urn-newsml-dpa-com-20090101-251102-935-930515.webp\" data-fancybox=\"images\" data-caption=\"Den ersten Gl\u00fchwein des Jahres k\u00f6nnen Besucher beim Essen-Steeler Weihnachtsmarkt genie\u00dfen. - \u00a9 Roberto Pfeil\/dpa\" target=\"_blank\" rel=\"noopener\"><br \/>\n<img decoding=\"async\"  src=\"https:\/\/www.europesays.com\/de\/wp-content\/uploads\/2025\/11\/251102-1558-urn-newsml-dpa-com-20090101-251102-935-930515.webp.webp\" loading=\"lazy\" width=\"1000\" alt=\"Den ersten Gl\u00fchwein des Jahres k\u00f6nnen Besucher beim Essen-Steeler Weihnachtsmarkt genie\u00dfen. - \u00a9 Roberto Pfeil\/dpa\"\/><\/p>\n<p><\/a><\/p>\n<p>Den ersten Gl\u00fchwein des Jahres k\u00f6nnen Besucher beim Essen-Steeler Weihnachtsmarkt genie\u00dfen. &#8211; \u00a9 Roberto Pfeil\/dpa<\/p>\n<p id=\"absatz8\" class=\"em_text\">Eine 15 Meter hohe Edeltanne auf dem Markt ist drehbar aufgebaut worden. Besucher k\u00f6nnen f\u00fcr zwei Euro den Weihnachtsbaum in Bewegung setzen. Der Erl\u00f6s wird am Ende des Weihnachtsmarktes f\u00fcr einen guten Zweck gespendet.<\/p>\n<p><a class=\"link-img\" href=\"https:\/\/www.mt.de\/_em_daten\/_cache\/image\/1xSkZrbm5qenlidjRuZ05UTUhWYjVSc215UFA4cVhINFpXb3d6Vm5qVTBzYjJ4MDBwcTdLbWR4aWM1SHRsMGZ5SVF6cTg4MjRyVk52REhwOEY0SFFibTNsR0R2RGxHZ0NrNVV0Z2RnYW1OZTAycUE3QTFtbjdmK05OWXVTdjZRY3E\/251102-1558-urn-newsml-dpa-com-20090101-251102-935-930524.webp\" data-fancybox=\"images\" data-caption=\"Gl\u00fchwein, Musik und ein bisschen Rummelplatz-Atmosph\u00e4re beim Weihnachtsmarkt in Essen-Steele. - \u00a9 Roberto Pfeil\/dpa\" target=\"_blank\" rel=\"noopener\"><br \/>\n<img decoding=\"async\"  src=\"https:\/\/www.europesays.com\/de\/wp-content\/uploads\/2025\/11\/251102-1558-urn-newsml-dpa-com-20090101-251102-935-930524.webp.webp\" loading=\"lazy\" width=\"1000\" alt=\"Gl\u00fchwein, Musik und ein bisschen Rummelplatz-Atmosph\u00e4re beim Weihnachtsmarkt in Essen-Steele. - \u00a9 Roberto Pfeil\/dpa\"\/><\/p>\n<p><\/a><\/p>\n<p>Gl\u00fchwein, Musik und ein bisschen Rummelplatz-Atmosph\u00e4re beim Weihnachtsmarkt in Essen-Steele. &#8211; \u00a9 Roberto Pfeil\/dpa<\/p>\n","protected":false},"excerpt":{"rendered":"Gl\u00fchwein, Lebkuchen und Lichterglanz schon Anfang November: Das gibt es allj\u00e4hrlich beim Fr\u00fchstarter-Weihnachtsmarkt in Essen-Steele. Ziel in diesem&hellip;\n","protected":false},"author":2,"featured_media":546519,"comment_status":"","ping_status":"","sticky":false,"template":"","format":"standard","meta":{"footnotes":""},"categories":[1834],"tags":[125300,3364,29,3688,30,133088,105933,133087,1209,8497],"class_list":{"0":"post-546518","1":"post","2":"type-post","3":"status-publish","4":"format-standard","5":"has-post-thumbnail","7":"category-essen","8":"tag-glhwein","9":"tag-de","10":"tag-deutschland","11":"tag-essen","12":"tag-germany","13":"tag-lon-finger","14":"tag-lebkuchen","15":"tag-lichterglanz","16":"tag-nordrhein-westfalen","17":"tag-weihnachtsmarkt"},"share_on_mastodon":{"url":"https:\/\/pubeurope.com\/@de\/115482986892309376","error":""},"_links":{"self":[{"href":"https:\/\/www.europesays.com\/de\/wp-json\/wp\/v2\/posts\/546518","targetHints":{"allow":["GET"]}}],"collection":[{"href":"https:\/\/www.europesays.com\/de\/wp-json\/wp\/v2\/posts"}],"about":[{"href":"https:\/\/www.europesays.com\/de\/wp-json\/wp\/v2\/types\/post"}],"author":[{"embeddable":true,"href":"https:\/\/www.europesays.com\/de\/wp-json\/wp\/v2\/users\/2"}],"replies":[{"embeddable":true,"href":"https:\/\/www.europesays.com\/de\/wp-json\/wp\/v2\/comments?post=546518"}],"version-history":[{"count":0,"href":"https:\/\/www.europesays.com\/de\/wp-json\/wp\/v2\/posts\/546518\/revisions"}],"wp:featuredmedia":[{"embeddable":true,"href":"https:\/\/www.europesays.com\/de\/wp-json\/wp\/v2\/media\/546519"}],"wp:attachment":[{"href":"https:\/\/www.europesays.com\/de\/wp-json\/wp\/v2\/media?parent=546518"}],"wp:term":[{"taxonomy":"category","embeddable":true,"href":"https:\/\/www.europesays.com\/de\/wp-json\/wp\/v2\/categories?post=546518"},{"taxonomy":"post_tag","embeddable":true,"href":"https:\/\/www.europesays.com\/de\/wp-json\/wp\/v2\/tags?post=546518"}],"curies":[{"name":"wp","href":"https:\/\/api.w.org\/{rel}","templated":true}]}}