{"id":546620,"date":"2025-11-03T01:43:34","date_gmt":"2025-11-03T01:43:34","guid":{"rendered":"https:\/\/www.europesays.com\/de\/546620\/"},"modified":"2025-11-03T01:43:34","modified_gmt":"2025-11-03T01:43:34","slug":"europe-cup-rostocks-basketballer-kassieren-erste-niederlage","status":"publish","type":"post","link":"https:\/\/www.europesays.com\/de\/546620\/","title":{"rendered":"Europe Cup: Rostocks Basketballer kassieren erste Niederlage"},"content":{"rendered":"<p>        28. Oktober 2025, 23:10 Uhr<br \/>\n    Quelle: dpa Mecklenburg-Vorpommern\n<\/p>\n<p>        Hinweis<\/p>\n<p class=\"article-notice__text\">DIE ZEIT hat diese Meldung redaktionell nicht bearbeitet. Sie wurde automatisch von der Deutschen Presse-Agentur (dpa) \u00fcbernommen.<\/p>\n<p>            <img decoding=\"async\" class=\"article__media-item\" src=\"https:\/\/www.europesays.com\/de\/wp-content\/uploads\/2025\/11\/1762134214_905_wide__660x371.jpeg\" alt=\"Europe Cup: Der Rostocker Coach Przemyslaw Frasunkiewicz gestikuliert am Spielfeldrand.\"\/><\/p>\n<p>                    Der Rostocker Coach Przemyslaw Frasunkiewicz gestikuliert am Spielfeldrand.<br \/>\n            \u00a9\u00a0Michael Schwartz\/\u200bdpa<\/p>\n<p class=\"paragraph article__item\">Die <a class=\"rtr-entity\" href=\"https:\/\/www.zeit.de\/thema\/rostock\" target=\"_blank\" rel=\"noopener\">Rostock<\/a> Seawolves haben im Europe Cup ihren ersten D\u00e4mpfer kassiert. Beim FC Porto unterlagen die Basketballer von Cheftrainer Przemyslaw Frasunkiewicz mit 75:87 (41:41) und mussten sich nach den klaren Heimsiegen gegen Tartu (Estland) und Antwerpen (Belgien) erstmals in der Vierergruppe geschlagen geben. Bester Werfer aufseiten der G\u00e4ste war D&#8217;Shawn Schwartz mit 13 Punkten.\n<\/p>\n<p>Aktuelles<\/p>\n<p>                <a href=\"https:\/\/www.zeit.de\/sport\/2025-10\/fussball-bundesliga-8-spieltag-sonntag\" data-ct-label=\"Bundesliga, 8. Spieltag \u2013 Sonntag: Leverkusen gewinnt gegen Freiburg, Mainz verliert in Stuttgart\" target=\"_blank\" rel=\"noopener\"><\/p>\n<p>                        Bundesliga, 8. Spieltag \u2013 Sonntag:<br \/>\n                        Leverkusen gewinnt gegen Freiburg, Mainz verliert in Stuttgart<\/p>\n<p>                <\/a><\/p>\n<p>                <a href=\"https:\/\/www.zeit.de\/sport\/2025-10\/7-bundesliga-spieltag-sc-freiburg-eintracht-frankfurt-st-pauli-hoffenheim\" data-ct-label=\"Bundesliga, 7. Spieltag \u2013 Sonntag : TSG Hoffenheim gewinnt deutlich beim FC St. Pauli\" target=\"_blank\" rel=\"noopener\"><\/p>\n<p>                        Bundesliga, 7. Spieltag \u2013 Sonntag :<br \/>\n                        TSG Hoffenheim gewinnt deutlich beim FC St. Pauli<\/p>\n<p>                <\/a><\/p>\n<p>                <a href=\"https:\/\/www.zeit.de\/sport\/2025-10\/bundesliga-spieltag-6-leverkusen-union-berlin-dortmund-rb-leipzig-werder-st-pauli-augsburg-wolfsburg-frankfurt-fc-bayern\" data-ct-label=\"Bundesliga, 6. Spieltag \u2013 Samstag: Bayern besiegt Eintracht, Remis im Verfolgerduell\" target=\"_blank\" rel=\"noopener\"><\/p>\n<p>                        Bundesliga, 6. Spieltag \u2013 Samstag:<br \/>\n                        Bayern besiegt Eintracht, Remis im Verfolgerduell<\/p>\n<p>                <\/a><\/p>\n<p class=\"paragraph article__item\">Zwei Tage nach der klaren Niederlage in der Bundesliga bei den L\u00f6wen Braunschweig begannen die Seawolves engagiert, gerieten im zweiten Viertel jedoch mit 25:36 klar in R\u00fcckstand. Danach kam Rostock allerdings besser in die Partie und Sid-Marlon Theis schloss die Aufholjagd seiner Mannschaft 24 Sekunden vor der Pause mit einem verwandelten Freiwurf zum 41:41 ab.\n<\/p>\n<p class=\"paragraph article__item\">Kurz nach Wiederbeginn brachte Owen Klassen die Mecklenburger schlie\u00dflich zum ersten Mal in dieser Partie in F\u00fchrung. Die Freude dar\u00fcber w\u00e4hrte allerdings nur kurz. Porto wurde wieder st\u00e4rker, ging mit einem Polster von neun Punkten in den Schlussabschnitt und lie\u00df sich den Sieg nicht mehr nehmen.\n<\/p>\n<p class=\"paragraph article__item\">\u00a9 dpa-infocom, dpa:251028-930-220842\/1<\/p>\n","protected":false},"excerpt":{"rendered":"28. Oktober 2025, 23:10 Uhr Quelle: dpa Mecklenburg-Vorpommern Hinweis DIE ZEIT hat diese Meldung redaktionell nicht bearbeitet. Sie&hellip;\n","protected":false},"author":2,"featured_media":546621,"comment_status":"","ping_status":"","sticky":false,"template":"","format":"standard","meta":{"footnotes":""},"categories":[3933],"tags":[331,332,548,663,158,3934,56926,3935,54434,13,14,15,17781,129283,583,12],"class_list":{"0":"post-546620","1":"post","2":"type-post","3":"status-publish","4":"format-standard","5":"has-post-thumbnail","7":"category-eu","8":"tag-aktuelle-nachrichten","9":"tag-aktuelle-news","10":"tag-eu","11":"tag-europa","12":"tag-europaeische-union","13":"tag-europe","14":"tag-europe-cup","15":"tag-european-union","16":"tag-fc-porto","17":"tag-headlines","18":"tag-nachrichten","19":"tag-news","20":"tag-niederlage","21":"tag-przemyslaw-frasunkiewicz","22":"tag-rostock","23":"tag-schlagzeilen"},"share_on_mastodon":{"url":"https:\/\/pubeurope.com\/@de\/115483234004013707","error":""},"_links":{"self":[{"href":"https:\/\/www.europesays.com\/de\/wp-json\/wp\/v2\/posts\/546620","targetHints":{"allow":["GET"]}}],"collection":[{"href":"https:\/\/www.europesays.com\/de\/wp-json\/wp\/v2\/posts"}],"about":[{"href":"https:\/\/www.europesays.com\/de\/wp-json\/wp\/v2\/types\/post"}],"author":[{"embeddable":true,"href":"https:\/\/www.europesays.com\/de\/wp-json\/wp\/v2\/users\/2"}],"replies":[{"embeddable":true,"href":"https:\/\/www.europesays.com\/de\/wp-json\/wp\/v2\/comments?post=546620"}],"version-history":[{"count":0,"href":"https:\/\/www.europesays.com\/de\/wp-json\/wp\/v2\/posts\/546620\/revisions"}],"wp:featuredmedia":[{"embeddable":true,"href":"https:\/\/www.europesays.com\/de\/wp-json\/wp\/v2\/media\/546621"}],"wp:attachment":[{"href":"https:\/\/www.europesays.com\/de\/wp-json\/wp\/v2\/media?parent=546620"}],"wp:term":[{"taxonomy":"category","embeddable":true,"href":"https:\/\/www.europesays.com\/de\/wp-json\/wp\/v2\/categories?post=546620"},{"taxonomy":"post_tag","embeddable":true,"href":"https:\/\/www.europesays.com\/de\/wp-json\/wp\/v2\/tags?post=546620"}],"curies":[{"name":"wp","href":"https:\/\/api.w.org\/{rel}","templated":true}]}}