{"id":546666,"date":"2025-11-03T02:09:11","date_gmt":"2025-11-03T02:09:11","guid":{"rendered":"https:\/\/www.europesays.com\/de\/546666\/"},"modified":"2025-11-03T02:09:11","modified_gmt":"2025-11-03T02:09:11","slug":"bon-jovi-phill-collins-und-dann-die-waiblinger-20-jahre-move-relax-studio-nachrichten-aus-waiblingen","status":"publish","type":"post","link":"https:\/\/www.europesays.com\/de\/546666\/","title":{"rendered":"Bon Jovi, Phill Collins und dann die Waiblinger: 20 Jahre Move-Relax-Studio\u00a0 &#8211; Nachrichten aus Waiblingen"},"content":{"rendered":"<p><strong>Waiblingen. <\/strong> Sie hat schon Bon Jovi und Phill Collins massiert. Mit Bon Jovi hat sie sogar trainiert: Maja Patzelt, Inhaberin des \u201eMove-Relax-Studios\u201d in Waiblingen, blickt zur\u00fcck und feiert nun das 20-j\u00e4hrige Jubil\u00e4um ihres Studios. 2005 hatte sie in Korb das \u201eMove-Relax-Studio\u201d erstmals er\u00f6ffnet. Nachdem ihr Studio in Korb &#8211; kurz nach der Corona-Pandemie &#8211; wegen Eigenbedarfs gek\u00fcndigt wurde, musste sie sich nach neuen R\u00e4umlichkeiten umsehen. Aus der Not heraus wandte sie<\/p>\n","protected":false},"excerpt":{"rendered":"Waiblingen. Sie hat schon Bon Jovi und Phill Collins massiert. Mit Bon Jovi hat sie sogar trainiert: Maja&hellip;\n","protected":false},"author":2,"featured_media":546667,"comment_status":"","ping_status":"","sticky":false,"template":"","format":"standard","meta":{"footnotes":""},"categories":[1830],"tags":[1634,133102,3364,29,133103,30,133104,133105,133106,133107,133108,133109,133110,1441,9887],"class_list":{"0":"post-546666","1":"post","2":"type-post","3":"status-publish","4":"format-standard","5":"has-post-thumbnail","7":"category-stuttgart","8":"tag-baden-wuerttemberg","9":"tag-corona-pade","10":"tag-de","11":"tag-deutschland","12":"tag-fitness-mit-baby","13":"tag-germany","14":"tag-maja-patzelt","15":"tag-mamagymnastik","16":"tag-mirella-fabi","17":"tag-move-relax-studio","18":"tag-moverelax-studio-in-waiblingen","19":"tag-pilates-in-waiblingen","20":"tag-rueckbildungskurse-in-waiblingen","21":"tag-stuttgart","22":"tag-waiblingen"},"share_on_mastodon":{"url":"https:\/\/pubeurope.com\/@de\/115483336186432472","error":""},"_links":{"self":[{"href":"https:\/\/www.europesays.com\/de\/wp-json\/wp\/v2\/posts\/546666","targetHints":{"allow":["GET"]}}],"collection":[{"href":"https:\/\/www.europesays.com\/de\/wp-json\/wp\/v2\/posts"}],"about":[{"href":"https:\/\/www.europesays.com\/de\/wp-json\/wp\/v2\/types\/post"}],"author":[{"embeddable":true,"href":"https:\/\/www.europesays.com\/de\/wp-json\/wp\/v2\/users\/2"}],"replies":[{"embeddable":true,"href":"https:\/\/www.europesays.com\/de\/wp-json\/wp\/v2\/comments?post=546666"}],"version-history":[{"count":0,"href":"https:\/\/www.europesays.com\/de\/wp-json\/wp\/v2\/posts\/546666\/revisions"}],"wp:featuredmedia":[{"embeddable":true,"href":"https:\/\/www.europesays.com\/de\/wp-json\/wp\/v2\/media\/546667"}],"wp:attachment":[{"href":"https:\/\/www.europesays.com\/de\/wp-json\/wp\/v2\/media?parent=546666"}],"wp:term":[{"taxonomy":"category","embeddable":true,"href":"https:\/\/www.europesays.com\/de\/wp-json\/wp\/v2\/categories?post=546666"},{"taxonomy":"post_tag","embeddable":true,"href":"https:\/\/www.europesays.com\/de\/wp-json\/wp\/v2\/tags?post=546666"}],"curies":[{"name":"wp","href":"https:\/\/api.w.org\/{rel}","templated":true}]}}