{"id":547021,"date":"2025-11-03T05:52:11","date_gmt":"2025-11-03T05:52:11","guid":{"rendered":"https:\/\/www.europesays.com\/de\/547021\/"},"modified":"2025-11-03T05:52:11","modified_gmt":"2025-11-03T05:52:11","slug":"polizei-schnappt-mutmassliche-kabeldiebe-radio-wuppertal","status":"publish","type":"post","link":"https:\/\/www.europesays.com\/de\/547021\/","title":{"rendered":"Polizei schnappt mutma\u00dfliche Kabeldiebe &#8211; Radio Wuppertal"},"content":{"rendered":"<p class=\"small date article__date\">Ver\u00f6ffentlicht:\u00a0Montag, 03.11.2025 06:34<\/p>\n<p>Nach einem Kabeldiebstahl am Abend in Vohwinkel hat die Polizei sechs Tatverd\u00e4chtige festgenommen. Gegen 20.20 alarmierte ein Pf\u00f6rtner die Beamten: Er hatte im Bereich der Yale-Allee am Signalwerk eine Gruppe von rund zehn Personen beim Beladen eines Transporters beobachtet. Die Polizei konnte das Fahrzeug noch in der N\u00e4he des Tatorts sicherstellen. Mehrere Personen waren geflohen. F\u00fcr die Fahndung setzte die Polizei auch einen Hubschrauber ein. Zwei der mutma\u00dflichen T\u00e4ter versteckten sich in Altpapiercontainern, weitere Ermittlungen laufen noch. Geklaut wurden mindestens zwei gro\u00dfe Kabeltrommeln. Wegen des Einsatzes war gestern Abend auch zeitweise die Bahnstrecke in dem Bereich gesperrt.<\/p>\n<p><img decoding=\"async\" alt=\"\" src=\"https:\/\/www.europesays.com\/de\/wp-content\/uploads\/2025\/11\/bild-sym-helikopter-hubschrauber.jpeg&#038;crop=0x124x3000x1875&#038;resize=1280x800&#038;dt=202410291320540.jpeg\" data-size=\"1280x800\"\/>\u00a9 SYMBOLBILD | Bokehstore &#8211; stock.adobe.com<\/p>\n","protected":false},"excerpt":{"rendered":"Ver\u00f6ffentlicht:\u00a0Montag, 03.11.2025 06:34 Nach einem Kabeldiebstahl am Abend in Vohwinkel hat die Polizei sechs Tatverd\u00e4chtige festgenommen. Gegen 20.20&hellip;\n","protected":false},"author":2,"featured_media":122550,"comment_status":"","ping_status":"","sticky":false,"template":"","format":"standard","meta":{"footnotes":""},"categories":[1840],"tags":[3275,1950,3364,29,30,27315,3676,1209,4418],"class_list":{"0":"post-547021","1":"post","2":"type-post","3":"status-publish","4":"format-standard","5":"has-post-thumbnail","7":"category-wuppertal","8":"tag-lokalnachrichten","9":"tag-blaulicht","10":"tag-de","11":"tag-deutschland","12":"tag-germany","13":"tag-kabeldiebstahl","14":"tag-mediathek","15":"tag-nordrhein-westfalen","16":"tag-wuppertal"},"share_on_mastodon":{"url":"https:\/\/pubeurope.com\/@de\/115484213476082837","error":""},"_links":{"self":[{"href":"https:\/\/www.europesays.com\/de\/wp-json\/wp\/v2\/posts\/547021","targetHints":{"allow":["GET"]}}],"collection":[{"href":"https:\/\/www.europesays.com\/de\/wp-json\/wp\/v2\/posts"}],"about":[{"href":"https:\/\/www.europesays.com\/de\/wp-json\/wp\/v2\/types\/post"}],"author":[{"embeddable":true,"href":"https:\/\/www.europesays.com\/de\/wp-json\/wp\/v2\/users\/2"}],"replies":[{"embeddable":true,"href":"https:\/\/www.europesays.com\/de\/wp-json\/wp\/v2\/comments?post=547021"}],"version-history":[{"count":0,"href":"https:\/\/www.europesays.com\/de\/wp-json\/wp\/v2\/posts\/547021\/revisions"}],"wp:featuredmedia":[{"embeddable":true,"href":"https:\/\/www.europesays.com\/de\/wp-json\/wp\/v2\/media\/122550"}],"wp:attachment":[{"href":"https:\/\/www.europesays.com\/de\/wp-json\/wp\/v2\/media?parent=547021"}],"wp:term":[{"taxonomy":"category","embeddable":true,"href":"https:\/\/www.europesays.com\/de\/wp-json\/wp\/v2\/categories?post=547021"},{"taxonomy":"post_tag","embeddable":true,"href":"https:\/\/www.europesays.com\/de\/wp-json\/wp\/v2\/tags?post=547021"}],"curies":[{"name":"wp","href":"https:\/\/api.w.org\/{rel}","templated":true}]}}