{"id":547081,"date":"2025-11-03T06:28:16","date_gmt":"2025-11-03T06:28:16","guid":{"rendered":"https:\/\/www.europesays.com\/de\/547081\/"},"modified":"2025-11-03T06:28:16","modified_gmt":"2025-11-03T06:28:16","slug":"kunstaktion-in-bad-cannstatt-in-der-stadtkirche-fallen-kokons-aus-garn-von-den-gotischen-saeulen","status":"publish","type":"post","link":"https:\/\/www.europesays.com\/de\/547081\/","title":{"rendered":"Kunstaktion in Bad Cannstatt: In der Stadtkirche fallen Kokons aus Garn von den gotischen S\u00e4ulen"},"content":{"rendered":"<p>Die Welt ist in steter Ver\u00e4nderung: Menschen, Technologien, die St\u00e4dte und ihre Stadtteile. Wie schaffen wir es, den Wandel zu gestalten, ohne daran zu zerbrechen? Das ist das Thema einer besonderen Aktionsreihe <a href=\"https:\/\/www.stuttgarter-zeitung.de\/inhalt.sanierung-in-bad-cannstatt-die-stadtkirche-ist-bald-fertig-das-wird-gefeiert.a61164a5-52a6-4adc-985e-81e1b3db6521.html\" target=\"_blank\" rel=\"nofollow noopener\">in der frisch sanierten Cannstatter Stadtkirche<\/a> unter dem Titel: \u201eMetamorphosen \u2013 zwei verkn\u00fcpfende Wochen\u201c zwischen dem 16. und 28. November. In der Zeit wird es eine au\u00dfergew\u00f6hnliche Kunstausstellung der K\u00fcnstlerinnen Stefanie Seiz-Kupferer und Stephanie Abben geben. Dabei werden Kokons aus Baumwollgarn von den gotischen S\u00e4ulen fallen, k\u00fcndigt Stadtkirchenpfarrer Alexander St\u00f6lzle an. Gem\u00e4lde im Chor sollen zum Nachdenken \u00fcber Ende und Neubeginn anregen.<\/p>\n<p>  <img decoding=\"async\" loading=\"lazy\" src=\"https:\/\/www.europesays.com\/de\/wp-content\/uploads\/2025\/11\/media.media.7bbf89a9-5e35-46bb-a061-ef3a33b0ebb3.original1024.media.jpeg\"\/>     Die Cannstatter   <a href=\"https:\/\/www.stuttgarter-zeitung.de\/thema\/Stadtkirche\" title=\"Stadtkirche\" class=\"art_thema\" rel=\"nofollow noopener\" target=\"_blank\">Stadtkirche<\/a> wird im November Ort f\u00fcr Kunst und Aktionen.    Foto: Iris Frey    <\/p>\n<p>Neben Gottesdiensten am 16. November um 11 Uhr zum Volkstrauertag gibt es um 12 Uhr weltliches Gedenken mit Bezirksvorsteher Bernd-Marcel L\u00f6ffler und im Anschluss <a href=\"https:\/\/www.stuttgarter-zeitung.de\/inhalt.kirchengeschichte-in-bad-cannstatt-was-eine-basilika-in-rom-mit-der-cannstatter-stadtkirche-zu-tun-hat.0037746d-d699-4bd7-a085-e15a8e9c2679.html\" target=\"_blank\" rel=\"nofollow noopener\">eine Podiumsdiskussion \u201eErinnerung im Wandel\u201c<\/a> mit Pfarrer St\u00f6lzle, Katrin Steinh\u00fclb-Joos (Landtagsabgeordnete SPD), dem Bezirksvorsteher, Irene Armbruster (Gesch\u00e4ftsf\u00fchrerin B\u00fcrgerstiftung Stuttgart), Gerhard Bach (Vorstandsvorsitzender GHV\/DF) und K\u00fcnstlerin Stephanie Abben. Es moderiert Ralf Kaudel, Vorsitzender des Vereins Geist und Geld. Am 21. November gibt es um 19 Uhr sieben Impulse mit kreativen Interpretationen mit Licht, Text und Klang zum Thema Metamorphosen. <\/p>\n<p>Und am Ewigkeitssonntag, 23. November, besteht nach dem Gottesdienst um 11 Uhr <a href=\"https:\/\/www.stuttgarter-zeitung.de\/inhalt.austellung-in-bad-cannstatt-der-kuenstler-der-jahreslosung-andreas-felger-im-fokus.4770061d-3679-472e-8eb5-187d6e845754.html\" target=\"_blank\" rel=\"nofollow noopener\">M\u00f6glichkeit zur Besichtigung der Ausstellung<\/a> und zum Gespr\u00e4ch. Ein Stadtrundgang am 28. November mit Stefan Betsch soll den Wandel in der Altstadt sichtbar und erlebbar machen. Er beginnt um 17 Uhr. Um 18 Uhr ist eine Finissage mit Austausch und um 19 Uhr Musik und \u201eCome together\u201c bei dem Kooperationsprojekt der evangelischen Stadtkirchengemeinde mit Geist und Geld e.V. und dem Bezirksrathaus. Es ist die Fortsetzung der Reihe \u201e<a href=\"https:\/\/www.stuttgarter-zeitung.de\/thema\/Stuttgart-Bad_Cannstatt\" title=\"Cannstatt\" class=\"art_thema\" rel=\"nofollow noopener\" target=\"_blank\">Cannstatt<\/a> im Fluss\u201c. <\/p>\n","protected":false},"excerpt":{"rendered":"Die Welt ist in steter Ver\u00e4nderung: Menschen, Technologien, die St\u00e4dte und ihre Stadtteile. Wie schaffen wir es, den&hellip;\n","protected":false},"author":2,"featured_media":547082,"comment_status":"","ping_status":"","sticky":false,"template":"","format":"standard","meta":{"footnotes":""},"categories":[1830],"tags":[1634,133193,3364,29,30,66733,133192,31988,1441,5251],"class_list":{"0":"post-547081","1":"post","2":"type-post","3":"status-publish","4":"format-standard","5":"has-post-thumbnail","7":"category-stuttgart","8":"tag-baden-wuerttemberg","9":"tag-buergerstiftung-stuttgart","10":"tag-de","11":"tag-deutschland","12":"tag-germany","13":"tag-kunstaktion","14":"tag-metamorphosen","15":"tag-stadtkirche","16":"tag-stuttgart","17":"tag-stuttgart-bad-cannstatt"},"share_on_mastodon":{"url":"https:\/\/pubeurope.com\/@de\/115484354841854526","error":""},"_links":{"self":[{"href":"https:\/\/www.europesays.com\/de\/wp-json\/wp\/v2\/posts\/547081","targetHints":{"allow":["GET"]}}],"collection":[{"href":"https:\/\/www.europesays.com\/de\/wp-json\/wp\/v2\/posts"}],"about":[{"href":"https:\/\/www.europesays.com\/de\/wp-json\/wp\/v2\/types\/post"}],"author":[{"embeddable":true,"href":"https:\/\/www.europesays.com\/de\/wp-json\/wp\/v2\/users\/2"}],"replies":[{"embeddable":true,"href":"https:\/\/www.europesays.com\/de\/wp-json\/wp\/v2\/comments?post=547081"}],"version-history":[{"count":0,"href":"https:\/\/www.europesays.com\/de\/wp-json\/wp\/v2\/posts\/547081\/revisions"}],"wp:featuredmedia":[{"embeddable":true,"href":"https:\/\/www.europesays.com\/de\/wp-json\/wp\/v2\/media\/547082"}],"wp:attachment":[{"href":"https:\/\/www.europesays.com\/de\/wp-json\/wp\/v2\/media?parent=547081"}],"wp:term":[{"taxonomy":"category","embeddable":true,"href":"https:\/\/www.europesays.com\/de\/wp-json\/wp\/v2\/categories?post=547081"},{"taxonomy":"post_tag","embeddable":true,"href":"https:\/\/www.europesays.com\/de\/wp-json\/wp\/v2\/tags?post=547081"}],"curies":[{"name":"wp","href":"https:\/\/api.w.org\/{rel}","templated":true}]}}