{"id":547139,"date":"2025-11-03T07:00:20","date_gmt":"2025-11-03T07:00:20","guid":{"rendered":"https:\/\/www.europesays.com\/de\/547139\/"},"modified":"2025-11-03T07:00:20","modified_gmt":"2025-11-03T07:00:20","slug":"aida-prima-verlaesst-hafen-und-steuert-neue-route-ueber-kiel-an","status":"publish","type":"post","link":"https:\/\/www.europesays.com\/de\/547139\/","title":{"rendered":"&#8222;Aida Prima\u201c verl\u00e4sst Hafen und steuert neue Route \u00fcber Kiel an"},"content":{"rendered":"<p>Kurswechsel <\/p>\n<p>&#8222;Aida Prima&#8220; verl\u00e4sst Hamburg \u2013 das erwartet Passagiere jetzt<\/p>\n<p>03.11.2025 &#8211; 07:39 UhrLesedauer: 2 Min.<\/p>\n<p><a href=\"#focus-0\" class=\"transition-colors duration-200 block text-current relative\" data-sctrack=\"FocusGalleryImage.Reference\"><img fetchpriority=\"high\" data-testid=\"Opener.Image\" style=\"--lqipURL:url('https:\/\/images.t-online.de\/2025\/06\/le2BuzdrFKRb\/0x261:4000x2250\/fit-in\/150x0\/filters:blur(25)\/die-aida-prima-das-kreuzfahrtschiff-laeuft-am-donnerstag-das-terminal-steinwerder-an.jpg')\"   loading=\"eager\" src=\"https:\/\/www.europesays.com\/de\/wp-content\/uploads\/2025\/11\/die-aida-prima-das-kreuzfahrtschiff-laeuft-am-donnerstag-das-terminal-steinwerder-an.jpg\" alt=\"Die &quot;Aida Prima&quot;: Das Kreuzfahrtschiff l\u00e4uft am Donnerstag das Terminal Steinwerder an.\" title=\"Die &quot;Aida Prima&quot;: Das Kreuzfahrtschiff l\u00e4uft am Donnerstag das Terminal Steinwerder an.\" width=\"4000\" height=\"2250\" class=\"bg-[url:var(--lqipURL)] bg-cover bg-center flex h-full w-full max-w-full\" decoding=\"async\"\/><img style=\"--width:32;--height:32\" loading=\"lazy\" src=\"https:\/\/hamburg.t-online.de\/s\/paper\/_next\/static\/media\/zoom-in.f7dae02f.svg\" alt=\"Vergr\u00f6\u00dfern des Bildes\" title=\"Vergr\u00f6\u00dfern des Bildes\" class=\"block h-[calc(var(--height)_\/_16_*_1rem)] w-[calc(var(--width)_\/_16_*_1rem)] max-w-none absolute bottom-8 right-8 rounded-4 bg-snow p-8\" decoding=\"async\"\/><\/a><\/p>\n<p>Die &#8222;Aida Prima&#8220;: Das Kreuzfahrtschiff ist am Sonntag zum letzten Mal in diesem Jahr in Hamburg ausgelaufen. (Quelle: Markus Tischler)<\/p>\n<p class=\"font-bold text-18 leading-17\">Abschied von Hamburg, neue Heimat Kiel: Die &#8222;Aida Prima&#8220; schl\u00e4gt ungewohnte Wege ein. Was Reisende zur Adventszeit erwartet und welche Comedians auftreten.<\/p>\n<p class=\"text-18 leading-17\">Ein Kreuzfahrtriese verabschiedet sich aus Hamburg \u2013 zumindest vorerst. Am Sonntag machte die &#8222;Aida Prima&#8220; ein letztes Mal in diesem Jahr an der Elbe fest, bevor sie Richtung Kiel ablegte. Doch der Hafenwechsel ist nur der Anfang einer ungew\u00f6hnlichen Geschichte.<\/p>\n<p class=\"text-18 leading-17\">Eigentlich sollte das Schiff in den kommenden Monaten durchs Mittelmeer und den Orient schippern, wie in den Vorjahren \u00fcblich. Doch diese Pl\u00e4ne hat Aida Cruises gestrichen. Stattdessen verbringt die &#8222;Aida Prima&#8220; ihre erste Wintersaison auf der Ostsee \u2013 eine Premiere f\u00fcr das Schiff.<\/p>\n<p class=\"text-18 leading-17\">Von Kiel aus geht es k\u00fcnftig nach Skandinavien, unterbrochen von einer Auszeit auf den Kanaren zum Jahreswechsel. Die Reederei hat sich f\u00fcr die kalte Jahreszeit einiges einfallen lassen. Bereits im November sollen Comedians f\u00fcr Stimmung sorgen: Michael Mittermaier steigt Anfang des Monats zu, sp\u00e4ter kommt Thorsten B\u00e4r hinzu.<\/p>\n<p class=\"text-18 leading-17\">P\u00fcnktlich zur Adventszeit verwandelt sich das Schiff in ein schwimmendes Weihnachtsdorf. Ende November wird eine Eisfl\u00e4che installiert, auf der Passagiere Schlittschuh laufen k\u00f6nnen. Dazu gibt es einen Wintermarkt inklusive Gl\u00fchwein \u2013 mitten auf dem Meer.<\/p>\n<p class=\"text-18 leading-17\">Nach den Feiertagen wird es sportlich und kulturell. Im Februar treten Lucy Diakovska und Peter Nottmeier auf, Filmabende und Konzerte stehen auf dem Programm. Der M\u00e4rz geh\u00f6rt dann ganz dem Wintersport: Bei zwei Oslo-Fahrten kommen Ski-Gr\u00f6\u00dfen wie Sven Hannawald, Maria H\u00f6fl-Riesch und Jens Wei\u00dfflog an Bord. Auch Biathlon-Ikonen Magdalena Neuner und Kati Wilhelm sind ebenso dabei wie Martin Schmitt.<\/p>\n<p class=\"text-18 leading-17\">F\u00fcr die Reisen gibt es noch freie Pl\u00e4tze. Kein Wunder: Viele Routen wurden erst im Sommer buchbar, als Ersatz f\u00fcr die ausgefallene Orienttour. Wer mitfahren will, sollte sich beeilen \u2013 in absehbarer Zeit wird sich die Situation nicht wiederholen. Aida Cruises plant ab 2026\/27 wieder Fahrten in w\u00e4rmere Gefilde. Dann sind s\u00e4mtliche elf Schiffe der Flotte bereits verplant, ein Winter-Engagement in Kiel ist nicht vorgesehen.<\/p>\n","protected":false},"excerpt":{"rendered":"Kurswechsel &#8222;Aida Prima&#8220; verl\u00e4sst Hamburg \u2013 das erwartet Passagiere jetzt 03.11.2025 &#8211; 07:39 UhrLesedauer: 2 Min. Die &#8222;Aida&hellip;\n","protected":false},"author":2,"featured_media":547140,"comment_status":"","ping_status":"","sticky":false,"template":"","format":"standard","meta":{"footnotes":""},"categories":[1852],"tags":[3176,522,127611,92844,3364,29,2265,548,663,3934,30,692,13,16053,4949,76236,700,14,15,2852,6402,12,1971,37142],"class_list":{"0":"post-547139","1":"post","2":"type-post","3":"status-publish","4":"format-standard","5":"has-post-thumbnail","7":"category-kiel","8":"tag-3176","9":"tag-522","10":"tag-adventszeit","11":"tag-aida-cruises","12":"tag-de","13":"tag-deutschland","14":"tag-elbe","15":"tag-eu","16":"tag-europa","17":"tag-europe","18":"tag-germany","19":"tag-hamburg","20":"tag-headlines","21":"tag-kanarische-inseln","22":"tag-kiel","23":"tag-kurswechsel","24":"tag-mittelmeer","25":"tag-nachrichten","26":"tag-news","27":"tag-ostsee","28":"tag-schiff","29":"tag-schlagzeilen","30":"tag-schleswig-holstein","31":"tag-skandinavien"},"share_on_mastodon":{"url":"https:\/\/pubeurope.com\/@de\/115484480986687980","error":""},"_links":{"self":[{"href":"https:\/\/www.europesays.com\/de\/wp-json\/wp\/v2\/posts\/547139","targetHints":{"allow":["GET"]}}],"collection":[{"href":"https:\/\/www.europesays.com\/de\/wp-json\/wp\/v2\/posts"}],"about":[{"href":"https:\/\/www.europesays.com\/de\/wp-json\/wp\/v2\/types\/post"}],"author":[{"embeddable":true,"href":"https:\/\/www.europesays.com\/de\/wp-json\/wp\/v2\/users\/2"}],"replies":[{"embeddable":true,"href":"https:\/\/www.europesays.com\/de\/wp-json\/wp\/v2\/comments?post=547139"}],"version-history":[{"count":0,"href":"https:\/\/www.europesays.com\/de\/wp-json\/wp\/v2\/posts\/547139\/revisions"}],"wp:featuredmedia":[{"embeddable":true,"href":"https:\/\/www.europesays.com\/de\/wp-json\/wp\/v2\/media\/547140"}],"wp:attachment":[{"href":"https:\/\/www.europesays.com\/de\/wp-json\/wp\/v2\/media?parent=547139"}],"wp:term":[{"taxonomy":"category","embeddable":true,"href":"https:\/\/www.europesays.com\/de\/wp-json\/wp\/v2\/categories?post=547139"},{"taxonomy":"post_tag","embeddable":true,"href":"https:\/\/www.europesays.com\/de\/wp-json\/wp\/v2\/tags?post=547139"}],"curies":[{"name":"wp","href":"https:\/\/api.w.org\/{rel}","templated":true}]}}