{"id":547234,"date":"2025-11-03T07:56:12","date_gmt":"2025-11-03T07:56:12","guid":{"rendered":"https:\/\/www.europesays.com\/de\/547234\/"},"modified":"2025-11-03T07:56:12","modified_gmt":"2025-11-03T07:56:12","slug":"muenchen-noch-viel-arbeit-em-hoffnungen-ruhen-auf-einem-monster","status":"publish","type":"post","link":"https:\/\/www.europesays.com\/de\/547234\/","title":{"rendered":"M\u00fcnchen | \u00abNoch viel Arbeit\u00bb: EM-Hoffnungen ruhen auf einem \u00abMonster\u00bb"},"content":{"rendered":"<p>M\u00fcnchen (dpa) &#8211; EM-Tickets wollte Handball-Bundestrainer Alfred Gislason nach dem ern\u00fcchternden Auftritt gegen sein Heimatland Island noch nicht verteilen. Dazu ist es bis zur offiziellen Kadernominierung am 18. Dezember noch zu lange hin. Ein Name dr\u00e4ngt sich nach der Lehrgangswoche in Bayern trotzdem auf: Abwehrspezialist Tom Kiesler vom VfL Gummersbach \u00fcberzeugte fast als einziger DHB-Profi durchweg. \u00abWahrscheinlich mit der beste Spieler\u00bb, lobte Juri Knorr den Neuling im Nationalteam.<\/p>\n<p>An einem insgesamt \u00abbl\u00f6den Schei\u00dftag\u00bb, wie es Knorr es nach dem 29:31 zum Abschluss des Bayern-Lehrgangs formulierte, empfahl sich Kiesler in seinem erst zweiten Spiel im Nationaltrikot erneut f\u00fcr ein EM-Ticket.\u00a0<\/p>\n<p>Kiesler harmonierte vor allem im Zusammenspiel mit den Torh\u00fctern Andi Wolff und David Sp\u00e4th. Der 24-J\u00e4hrige suchte aggressiv die Eins-gegen-Eins-Duelle und hatte das richtige Gesp\u00fcr daf\u00fcr, wann ein Block angebracht war. \u00abWir haben ein bisschen mehr Flexibilit\u00e4t und Breite in der Abwehr\u00bb, beschrieb Gislason die Vorz\u00fcge des nun zweimaligen Nationalspielers. Wolff nannte seinen Vordermann einfach nur ein \u00ababsolutes Monster\u00bb.\u00a0<\/p>\n<p>Schon der Urgro\u00dfvater spielte f\u00fcr Gummersbach<\/p>\n<p>Kiesler hat Handball quasi im Blut. Schon sein Urgro\u00dfvater spielte f\u00fcr Gummersbach. Seit 2010 tr\u00e4gt Kiesler selbst das Handballtrikot des VfL, feierte 2019 sein Bundesliga-Deb\u00fct. Gelingt ihm im Januar der n\u00e4chste Karrieresprung?<\/p>\n<p>\u00abDie intensiven und f\u00fcr mich positiven Tage pushen mich noch mehr und motivieren mich, noch mehr zu geben. Ich will auf jeden Fall dabei sein bei der EM\u00bb, sagte Kiesler und schickte eine deutliche Ansage an den Bundestrainer. Der sa\u00df zehn Minuten sp\u00e4ter im Nebenraum und lie\u00df sich nichts entlocken. \u00abTom hat eine sehr gute Leistung gebracht. Das hat Matthes Langhoff im Fr\u00fchjahr aber auch. Nimmt man einen Abwehrspezialisten mit oder zwei?\u00bb, sagte Gislason und lie\u00df die Frage offen.\u00a0<\/p>\n<p>Knorr ist sicher: Kiesler \u00abkann noch mehr\u00bb<\/p>\n<p>Konkrete Kaderw\u00fcnsche \u00e4u\u00dferten seine Sch\u00fctzlinge zwar nicht. Doch ihre Aussagen machten deutlich, wie wertvoll Kiesler f\u00fcr das Team auf dem Weg zur ersten EM-Medaille seit 2016 sein k\u00f6nnte. \u00abEr gibt uns sehr viel und hat es \u00fcberragend gemacht. Sehr k\u00e4mpferisch, sehr variabel einsetzbar\u00bb, befand Knorr und vermutete sogar: \u00abEr kann noch mehr bringen, wenn er sich einfach in der Mannschaft wohler und sicherer f\u00fchlt\u00bb.<\/p>\n<p>Mehr bringen muss das ganze Team sp\u00e4testens im Januar, wenn es bei der EM in der Vorrunde gegen \u00d6sterreich, Spanien und Serbien geht &#8211; und in der Hauptrunde die Brocken aus D\u00e4nemark, Frankreich, Norwegen und Portugal warten d\u00fcrften.\u00a0<\/p>\n<p>Gislasons Botschaft f\u00fcr die Heimreise<\/p>\n<p>Die Niederlage gegen Island k\u00f6nnte ein Warnschuss zur richtigen Zeit gewesen sein. Nach dem Galaauftritt im ersten Duell fiel man am Sonntag in alte Muster zur\u00fcck. Die Chancenverwertung war phasenweise mangelhaft. Hinzu kamen eklatante Aussetzer im Passspiel. \u00abLeichte Fehler, wir verwerfen zu viel\u00bb, bem\u00e4ngelte Gislason und erw\u00e4hnte explizit den Namen \u00abMiro Schluroff\u00bb.<\/p>\n<p>Rund 15 Spiele haben die DHB-Profis noch mit ihren Clubs bis zur EM. Das Kader-Casting l\u00e4uft also weiter. Gislason entlie\u00df seine Spieler mit einem Appell in die L\u00e4nderspielpause: \u00abWir werden bis Januar deutlich besser werden m\u00fcssen\u00bb.<\/p>\n","protected":false},"excerpt":{"rendered":"M\u00fcnchen (dpa) &#8211; EM-Tickets wollte Handball-Bundestrainer Alfred Gislason nach dem ern\u00fcchternden Auftritt gegen sein Heimatland Island noch nicht&hellip;\n","protected":false},"author":2,"featured_media":547235,"comment_status":"","ping_status":"","sticky":false,"template":"","format":"standard","meta":{"footnotes":""},"categories":[1827],"tags":[772,29,11662,30,7491,12937,1268,12830],"class_list":{"0":"post-547234","1":"post","2":"type-post","3":"status-publish","4":"format-standard","5":"has-post-thumbnail","7":"category-muenchen","8":"tag-bayern","9":"tag-deutschland","10":"tag-dhb","11":"tag-germany","12":"tag-handball-team","13":"tag-island","14":"tag-muenchen","15":"tag-nationalteam"},"share_on_mastodon":{"url":"https:\/\/pubeurope.com\/@de\/115484700608866248","error":""},"_links":{"self":[{"href":"https:\/\/www.europesays.com\/de\/wp-json\/wp\/v2\/posts\/547234","targetHints":{"allow":["GET"]}}],"collection":[{"href":"https:\/\/www.europesays.com\/de\/wp-json\/wp\/v2\/posts"}],"about":[{"href":"https:\/\/www.europesays.com\/de\/wp-json\/wp\/v2\/types\/post"}],"author":[{"embeddable":true,"href":"https:\/\/www.europesays.com\/de\/wp-json\/wp\/v2\/users\/2"}],"replies":[{"embeddable":true,"href":"https:\/\/www.europesays.com\/de\/wp-json\/wp\/v2\/comments?post=547234"}],"version-history":[{"count":0,"href":"https:\/\/www.europesays.com\/de\/wp-json\/wp\/v2\/posts\/547234\/revisions"}],"wp:featuredmedia":[{"embeddable":true,"href":"https:\/\/www.europesays.com\/de\/wp-json\/wp\/v2\/media\/547235"}],"wp:attachment":[{"href":"https:\/\/www.europesays.com\/de\/wp-json\/wp\/v2\/media?parent=547234"}],"wp:term":[{"taxonomy":"category","embeddable":true,"href":"https:\/\/www.europesays.com\/de\/wp-json\/wp\/v2\/categories?post=547234"},{"taxonomy":"post_tag","embeddable":true,"href":"https:\/\/www.europesays.com\/de\/wp-json\/wp\/v2\/tags?post=547234"}],"curies":[{"name":"wp","href":"https:\/\/api.w.org\/{rel}","templated":true}]}}