{"id":547350,"date":"2025-11-03T09:06:16","date_gmt":"2025-11-03T09:06:16","guid":{"rendered":"https:\/\/www.europesays.com\/de\/547350\/"},"modified":"2025-11-03T09:06:16","modified_gmt":"2025-11-03T09:06:16","slug":"feuerwehreinsatz-in-sauna-der-helmut-koernig-halle","status":"publish","type":"post","link":"https:\/\/www.europesays.com\/de\/547350\/","title":{"rendered":"Feuerwehreinsatz in Sauna der Helmut-K\u00f6rnig-Halle"},"content":{"rendered":"<p>\t\tFeuer in Sauna der Helmut-K\u00f6rnig-Halle<br \/>\n\t\t\t\t\tFeuerwehr muss Sonntagabend in Dortmund ausr\u00fccken<\/p>\n<p>    <a href=\"https:\/\/www.ruhrnachrichten.de\/wp-content\/uploads\/2025\/11\/03\/08\/630_0900_5268267_-1648x824.jpg\" rel=\"nofollow noopener\" target=\"_blank\"><\/p>\n<p>            <img loading=\"lazy\" decoding=\"async\" src=\"https:\/\/www.europesays.com\/de\/wp-content\/uploads\/2025\/11\/630_0900_5268266_-640x428.jpg\" width=\"640\" height=\"428\"  alt=\"\"\/><\/p>\n<p>    <\/a><br \/>\n    In einer Sauna in der Helmut-K\u00f6rnig-Halle brannte es am Wochenende. (Symbolbild) \u00a9 picture alliance\/dpa<\/p>\n<p class=\"article__teaser-text\">Die Feuerwehr musste am Sonntagabend ausr\u00fccken. Es brannte in einer Sauna der Helmut-K\u00f6rnig-Halle in Dortmund.<\/p>\n<p>1 Min Lesezeit<\/p>\n<p>In der Sauna des Landesleistungszentrums im Geb\u00e4ude der Helmut-K\u00f6rnig-Halle brach am Sonntag (2.11.) gegen 23 Uhr ein Feuer aus. Nach Angaben der Feuerwehr Dortmund wurde sie durch die automatische Brandmeldeanlage alarmiert und r\u00fcckte mit zwei L\u00f6schz\u00fcgen zum Einsatzort aus.<\/p>\n<p>Beim Eintreffen erkundeten die Einsatzkr\u00e4fte den betroffenen Bereich und stellten eine Rauchentwicklung im Saunabereich fest. Ein Trupp unter Atemschutz ging sofort vor und konnte die Flammen rasch unter Kontrolle bringen und schlie\u00dflich l\u00f6schen.<\/p>\n<p>Umfangreiche L\u00fcftungsma\u00dfnahmen notwendig<\/p>\n<p>Der Brandrauch hatte sich bereits bis in die angrenzende Sporthalle ausgebreitet, sodass umfangreiche L\u00fcftungsma\u00dfnahmen notwendig waren. Mithilfe von Hochleistungsl\u00fcftern wurde der Rauch gezielt nach drau\u00dfen geleitet, um die Halle wieder rauchfrei zu bekommen. Verletzt wurde bei dem Einsatz niemand. Die Polizei hat die Ermittlungen zur Brandursache aufgenommen.<\/p>\n<p>Insgesamt waren 37 Einsatzkr\u00e4fte der Feuerwachen H\u00f6rde und Mitte sowie der Freiwilligen Feuerwehr Hombruch im Einsatz. Unterst\u00fctzt wurden sie von Kr\u00e4ften des Rettungsdienstes und des F\u00fchrungsdienstes der Feuerwehr Dortmund.<\/p>\n","protected":false},"excerpt":{"rendered":"Feuer in Sauna der Helmut-K\u00f6rnig-Halle Feuerwehr muss Sonntagabend in Dortmund ausr\u00fccken In einer Sauna in der Helmut-K\u00f6rnig-Halle brannte&hellip;\n","protected":false},"author":2,"featured_media":547351,"comment_status":"","ping_status":"","sticky":false,"template":"","format":"standard","meta":{"footnotes":""},"categories":[1833],"tags":[1950,3364,29,217,3401,30,1209],"class_list":{"0":"post-547350","1":"post","2":"type-post","3":"status-publish","4":"format-standard","5":"has-post-thumbnail","7":"category-dortmund","8":"tag-blaulicht","9":"tag-de","10":"tag-deutschland","11":"tag-dortmund","12":"tag-feuerwehreinsatz","13":"tag-germany","14":"tag-nordrhein-westfalen"},"share_on_mastodon":{"url":"https:\/\/pubeurope.com\/@de\/115484976361980098","error":""},"_links":{"self":[{"href":"https:\/\/www.europesays.com\/de\/wp-json\/wp\/v2\/posts\/547350","targetHints":{"allow":["GET"]}}],"collection":[{"href":"https:\/\/www.europesays.com\/de\/wp-json\/wp\/v2\/posts"}],"about":[{"href":"https:\/\/www.europesays.com\/de\/wp-json\/wp\/v2\/types\/post"}],"author":[{"embeddable":true,"href":"https:\/\/www.europesays.com\/de\/wp-json\/wp\/v2\/users\/2"}],"replies":[{"embeddable":true,"href":"https:\/\/www.europesays.com\/de\/wp-json\/wp\/v2\/comments?post=547350"}],"version-history":[{"count":0,"href":"https:\/\/www.europesays.com\/de\/wp-json\/wp\/v2\/posts\/547350\/revisions"}],"wp:featuredmedia":[{"embeddable":true,"href":"https:\/\/www.europesays.com\/de\/wp-json\/wp\/v2\/media\/547351"}],"wp:attachment":[{"href":"https:\/\/www.europesays.com\/de\/wp-json\/wp\/v2\/media?parent=547350"}],"wp:term":[{"taxonomy":"category","embeddable":true,"href":"https:\/\/www.europesays.com\/de\/wp-json\/wp\/v2\/categories?post=547350"},{"taxonomy":"post_tag","embeddable":true,"href":"https:\/\/www.europesays.com\/de\/wp-json\/wp\/v2\/tags?post=547350"}],"curies":[{"name":"wp","href":"https:\/\/api.w.org\/{rel}","templated":true}]}}