{"id":547581,"date":"2025-11-03T11:32:13","date_gmt":"2025-11-03T11:32:13","guid":{"rendered":"https:\/\/www.europesays.com\/de\/547581\/"},"modified":"2025-11-03T11:32:13","modified_gmt":"2025-11-03T11:32:13","slug":"prinzessin-aeussert-sich-zu-vorwuerfen-gegen-stiefbruder-marius","status":"publish","type":"post","link":"https:\/\/www.europesays.com\/de\/547581\/","title":{"rendered":"Prinzessin \u00e4u\u00dfert sich zu Vorw\u00fcrfen gegen Stiefbruder Marius"},"content":{"rendered":"<p>Sydney (dpa) &#8211; Norwegens Erbprinzessin Ingrid Alexandra (21) hat sich erstmals zu der Anklage gegen ihren Stiefbruder Marius Borg H\u00f8iby (28) ge\u00e4u\u00dfert. \u00abNat\u00fcrlich ist das schwierig. Sowohl f\u00fcr mich als Schwester als auch f\u00fcr Mama und Papa. Und nat\u00fcrlich f\u00fcr alle, die von dem Fall betroffen sind\u00bb, sagte die in Australien studierende Tochter von Thronfolger Kronprinz Haakon und Kronprinzessin Mette-Marit (beide 52) in einem Interview des norwegischen Rundfunksenders NRK.\u00a0<\/p>\n<p>Ganz \u00e4hnlich \u00e4u\u00dferte sie sich in der Millionenmetropole Sydney in der Zeitung \u00abVerdens Gang\u00bb. Mehr wollte sie zu den Vorw\u00fcrfen nicht sagen, auch nicht dazu, ob sie derzeit Kontakt mit H\u00f8iby habe.<\/p>\n<p>Anklage in 32 Punkten<\/p>\n<p>Rund ein Jahr nach dem Aufkommen erster Gewaltvorw\u00fcrfe gegen H\u00f8iby war im August Anklage gegen den Sohn von Mette-Marit aus einer fr\u00fcheren Beziehung erhoben worden. Insgesamt ist er in 32 Punkten angeklagt, unter anderem wegen Vergewaltigung, Misshandlung in engen Beziehungen und K\u00f6rperverletzung.\u00a0<\/p>\n<p>H\u00f8iby hatte einger\u00e4umt, unter Alkohol- und Kokaineinfluss gegen\u00fcber seiner damaligen Freundin gewaltt\u00e4tig geworden zu sein und Dinge in ihrer Wohnung zerst\u00f6rt zu haben. Die meisten weiteren Anschuldigungen hat er aber zur\u00fcckgewiesen, vor allem die Vergewaltigungsvorw\u00fcrfe. Der Prozess gegen ihn soll am 3. Februar 2026 beginnen. H\u00f8iby drohen im Falle einer Verurteilung mehrere Jahre Gef\u00e4ngnis.\u00a0<\/p>\n<p>Studentin in der Ferne<\/p>\n<p>Prinzessin Ingrid Alexandra bekommt all das seit einiger Zeit nur aus der Ferne mit: Die 21-J\u00e4hrige studiert seit diesem Sommer Sozialwissenschaften mit einem besonderen Fokus auf internationale Beziehungen und politische \u00d6konomie in Sydney. Dort stelle sie sich einfach nur als \u00abIngrid\u00bb vor und f\u00fcge \u00abAlexandra\u00bb hinzu, falls sie auch nach einem Nachnamen gefragt werde, sagte sie in den Interviews. Wiedererkannt werde sie in Down Under nur selten.<\/p>\n<p>In ihrer skandinavischen Heimat wartet eines Tages eine besondere Aufgabe auf die Prinzessin. Dort nimmt sie in der Thronfolge den Platz direkt hinter Haakon ein &#8211; das hei\u00dft, dass sie irgendwann nach ihrem Vater aller Voraussicht nach einmal K\u00f6nigin von Norwegen sein wird.<\/p>\n","protected":false},"excerpt":{"rendered":"Sydney (dpa) &#8211; Norwegens Erbprinzessin Ingrid Alexandra (21) hat sich erstmals zu der Anklage gegen ihren Stiefbruder Marius&hellip;\n","protected":false},"author":2,"featured_media":547582,"comment_status":"","ping_status":"","sticky":false,"template":"","format":"standard","meta":{"footnotes":""},"categories":[1843],"tags":[37777,1912,3364,29,30,1015,177,2549,569,8970,1209,913],"class_list":{"0":"post-547581","1":"post","2":"type-post","3":"status-publish","4":"format-standard","5":"has-post-thumbnail","7":"category-muenster","8":"tag-adel","9":"tag-australien","10":"tag-de","11":"tag-deutschland","12":"tag-germany","13":"tag-justiz","14":"tag-kriminalitt","15":"tag-leute","16":"tag-monarchie","17":"tag-muenster","18":"tag-nordrhein-westfalen","19":"tag-norwegen"},"share_on_mastodon":{"url":"https:\/\/pubeurope.com\/@de\/115485550233544837","error":""},"_links":{"self":[{"href":"https:\/\/www.europesays.com\/de\/wp-json\/wp\/v2\/posts\/547581","targetHints":{"allow":["GET"]}}],"collection":[{"href":"https:\/\/www.europesays.com\/de\/wp-json\/wp\/v2\/posts"}],"about":[{"href":"https:\/\/www.europesays.com\/de\/wp-json\/wp\/v2\/types\/post"}],"author":[{"embeddable":true,"href":"https:\/\/www.europesays.com\/de\/wp-json\/wp\/v2\/users\/2"}],"replies":[{"embeddable":true,"href":"https:\/\/www.europesays.com\/de\/wp-json\/wp\/v2\/comments?post=547581"}],"version-history":[{"count":0,"href":"https:\/\/www.europesays.com\/de\/wp-json\/wp\/v2\/posts\/547581\/revisions"}],"wp:featuredmedia":[{"embeddable":true,"href":"https:\/\/www.europesays.com\/de\/wp-json\/wp\/v2\/media\/547582"}],"wp:attachment":[{"href":"https:\/\/www.europesays.com\/de\/wp-json\/wp\/v2\/media?parent=547581"}],"wp:term":[{"taxonomy":"category","embeddable":true,"href":"https:\/\/www.europesays.com\/de\/wp-json\/wp\/v2\/categories?post=547581"},{"taxonomy":"post_tag","embeddable":true,"href":"https:\/\/www.europesays.com\/de\/wp-json\/wp\/v2\/tags?post=547581"}],"curies":[{"name":"wp","href":"https:\/\/api.w.org\/{rel}","templated":true}]}}