{"id":54799,"date":"2025-04-23T13:19:12","date_gmt":"2025-04-23T13:19:12","guid":{"rendered":"https:\/\/www.europesays.com\/de\/54799\/"},"modified":"2025-04-23T13:19:12","modified_gmt":"2025-04-23T13:19:12","slug":"seniorinnen-bei-raubueberfaellen-in-lichtenberg-und-spandau-verletzt","status":"publish","type":"post","link":"https:\/\/www.europesays.com\/de\/54799\/","title":{"rendered":"Seniorinnen bei Raub\u00fcberf\u00e4llen in Lichtenberg und Spandau verletzt"},"content":{"rendered":"<p>T\u00e4ter fliehen unerkannt <\/p>\n<p>Seniorinnen bei Raub\u00fcberf\u00e4llen in Berlin verletzt<\/p>\n<p>Aktualisiert am 23.04.2025 &#8211; 14:35 UhrLesedauer: 1 Min.<\/p>\n<p><a href=\"#focus-0\" class=\"transition-colors duration-200 focus-within:text-magenta block text-current relative\" data-sctrack=\"FocusGalleryImage.Reference\"><img fetchpriority=\"high\" data-testid=\"Opener.Image\" style=\"--lqipURL:url('https:\/\/images.t-online.de\/2025\/04\/CXufc51i40xO\/181x9:3810x2143\/fit-in\/150x0\/filters:blur(25)\/dieb-will-handtasche-von-seniorin-klauen-symbolbild-beide-frauen-kamen-am-dienstag-ins-krankenhaus.jpg')\"   loading=\"eager\" src=\"https:\/\/www.europesays.com\/de\/wp-content\/uploads\/2025\/04\/dieb-will-handtasche-von-seniorin-klauen-symbolbild-beide-frauen-kamen-am-dienstag-ins-krankenhaus.j.jpeg\" alt=\"Dieb will Handtasche von Seniorin klauen (Symbolbild): Beide Frauen kamen am Dienstag ins Krankenhaus.\" title=\"Dieb will Handtasche von Seniorin klauen (Symbolbild): Beide Frauen kamen am Dienstag ins Krankenhaus.\" width=\"3810\" height=\"2143\" class=\"bg-[url:var(--lqipURL)] bg-cover bg-center flex w-full max-w-full h-full\" decoding=\"async\"\/><img style=\"--width:32;--height:32\" loading=\"lazy\" src=\"https:\/\/www.europesays.com\/de\/wp-content\/uploads\/2025\/03\/zoom-in.f7dae02f.svg.svg+xml\" alt=\"Vergr\u00f6\u00dfern des Bildes\" title=\"Vergr\u00f6\u00dfern des Bildes\" class=\"&#10;        block&#10;        h-[calc(var(--height)_\/_16_*_1rem)]&#10;        w-[calc(var(--width)_\/_16_*_1rem)]&#10;        max-w-none&#10;        absolute bottom-8 right-8 rounded-4 bg-snow p-8\" decoding=\"async\"\/><\/a><\/p>\n<p>Dieb will Handtasche von Seniorin klauen (Symbolbild): Beide Frauen kamen am Dienstag ins Krankenhaus.<\/p>\n<p class=\"font-bold text-18 leading-17\">Zwei \u00e4ltere Frauen wurden Opfer von Handtaschenr\u00e4ubern \u2013 beide erlitten schwere Verletzungen und mussten im Krankenhaus behandelt werden.<\/p>\n<p class=\"text-18 leading-17\">Zwei Seniorinnen sind bei Raub\u00fcberf\u00e4llen in <a class=\"transition-colors duration-200 cursor-pointer text-inherit no-underline text-salemsfur md:hover:text-magenta md:hover:border-magenta md:focus:text-magenta border-current border-b border-solid break-words\" href=\"https:\/\/www.t-online.de\/region\/berlin\/\" data-sctrack=\"BodyAnchor\" target=\"_blank\" rel=\"noopener\">Berlin<\/a> schwer verletzt worden. Wie die Polizei Berlin mitteilt, ereigneten sich die Vorf\u00e4lle am Dienstagnachmittag in Lichtenberg und Spandau.<\/p>\n<p class=\"text-18 leading-17\">In Neu-Hohensch\u00f6nhausen entriss ein unbekannter T\u00e4ter gegen 16 Uhr einer 64-j\u00e4hrigen Frau vor einem Mehrfamilienhaus in der Stra\u00dfe Am Breiten Luch ihre Umh\u00e4ngetasche. Bei dem Angriff st\u00fcrzte das Opfer eine Treppe hinunter und erlitt eine Schulterfraktur sowie Hautabsch\u00fcrfungen. Die Frau musste operiert werden und wurde station\u00e4r im Krankenhaus aufgenommen.<\/p>\n<p class=\"text-18 leading-17\">Nur etwa eineinhalb Stunden sp\u00e4ter, gegen 17.20 Uhr, kam es zu einem \u00e4hnlichen Vorfall in Staaken. In der Maulbeerallee versuchte ein Mann, einer 81-J\u00e4hrigen die Handtasche von hinten zu entrei\u00dfen. Die Seniorin konnte ihre Tasche zwar festhalten, st\u00fcrzte jedoch so schwer, dass sie einen H\u00fcftbruch und Hautabsch\u00fcrfungen davontrug. Ein Passant bemerkte die verletzte Frau und alarmierte die Rettungskr\u00e4fte, die sie zur station\u00e4ren Behandlung ins Krankenhaus brachten.<\/p>\n<p class=\"text-18 leading-17\">In beiden F\u00e4llen konnten die T\u00e4ter unerkannt fl\u00fcchten. Die Ermittlungen wurden von Fachkommissariaten der zust\u00e4ndigen Polizeidirektionen \u00fcbernommen.<\/p>\n","protected":false},"excerpt":{"rendered":"T\u00e4ter fliehen unerkannt Seniorinnen bei Raub\u00fcberf\u00e4llen in Berlin verletzt Aktualisiert am 23.04.2025 &#8211; 14:35 UhrLesedauer: 1 Min. Dieb&hellip;\n","protected":false},"author":2,"featured_media":54800,"comment_status":"","ping_status":"","sticky":false,"template":"","format":"standard","meta":{"footnotes":""},"categories":[1825],"tags":[722,17161,296,29,30,23459,1952,25772,121,5309],"class_list":{"0":"post-54799","1":"post","2":"type-post","3":"status-publish","4":"format-standard","5":"has-post-thumbnail","7":"category-berlin","8":"tag-722","9":"tag-17161","10":"tag-berlin","11":"tag-deutschland","12":"tag-germany","13":"tag-handtasche","14":"tag-lichtenberg","15":"tag-neu-hohenschoenhausen","16":"tag-polizei","17":"tag-raubueberfall"},"share_on_mastodon":{"url":"https:\/\/pubeurope.com\/@de\/114387482575807023","error":""},"_links":{"self":[{"href":"https:\/\/www.europesays.com\/de\/wp-json\/wp\/v2\/posts\/54799","targetHints":{"allow":["GET"]}}],"collection":[{"href":"https:\/\/www.europesays.com\/de\/wp-json\/wp\/v2\/posts"}],"about":[{"href":"https:\/\/www.europesays.com\/de\/wp-json\/wp\/v2\/types\/post"}],"author":[{"embeddable":true,"href":"https:\/\/www.europesays.com\/de\/wp-json\/wp\/v2\/users\/2"}],"replies":[{"embeddable":true,"href":"https:\/\/www.europesays.com\/de\/wp-json\/wp\/v2\/comments?post=54799"}],"version-history":[{"count":0,"href":"https:\/\/www.europesays.com\/de\/wp-json\/wp\/v2\/posts\/54799\/revisions"}],"wp:featuredmedia":[{"embeddable":true,"href":"https:\/\/www.europesays.com\/de\/wp-json\/wp\/v2\/media\/54800"}],"wp:attachment":[{"href":"https:\/\/www.europesays.com\/de\/wp-json\/wp\/v2\/media?parent=54799"}],"wp:term":[{"taxonomy":"category","embeddable":true,"href":"https:\/\/www.europesays.com\/de\/wp-json\/wp\/v2\/categories?post=54799"},{"taxonomy":"post_tag","embeddable":true,"href":"https:\/\/www.europesays.com\/de\/wp-json\/wp\/v2\/tags?post=54799"}],"curies":[{"name":"wp","href":"https:\/\/api.w.org\/{rel}","templated":true}]}}