{"id":547991,"date":"2025-11-03T15:20:18","date_gmt":"2025-11-03T15:20:18","guid":{"rendered":"https:\/\/www.europesays.com\/de\/547991\/"},"modified":"2025-11-03T15:20:18","modified_gmt":"2025-11-03T15:20:18","slug":"auto-von-bernd-baumann-in-flammen-staatsschutz-musste-afd-politiker-um-5-uhr-wecken","status":"publish","type":"post","link":"https:\/\/www.europesays.com\/de\/547991\/","title":{"rendered":"Auto von Bernd Baumann in Flammen \u2013 Staatsschutz musste AfD-Politiker um 5 Uhr wecken"},"content":{"rendered":"<p>Vor dem Wohnhaus von AfD-Politiker Bernd Baumann ist in der Nacht dessen Auto ausgebrannt. Drei weitere Fahrzeuge wurden besch\u00e4digt. Die Polizei pr\u00fcft eine politisch motivierte Brandstiftung. Wenige Wochen zuvor wurde Baumanns Adresse im Netz ver\u00f6ffentlicht.<\/p>\n<p class=\"is-first-paragraph\" data-external=\"Article.FirstParagraph\">Das Auto des Parlamentarischen Gesch\u00e4ftsf\u00fchrers der AfD-Bundestagsfraktion, Bernd Baumann, ist nach Angaben seines B\u00fcros in der vergangenen Nacht vor dessen Haus in Hamburg in Flammen aufgegangen. <\/p>\n<p>Baumann sei um 5 Uhr vom Staatsschutz geweckt und dar\u00fcber informiert worden. Der Vorfall soll sich demnach gegen 3.20 Uhr ereignet haben.<\/p>\n<p>In einem privaten Video, das von Baumanns B\u00fcro zur Verf\u00fcgung gestellt wurde, sind drei ausgebrannte Autos und ein vierter Wagen mit deutlichen Brandspuren zu sehen.<\/p>\n<p>Die Polizei hatte am Morgen von mehreren brennenden Autos im Stadtteil Othmarschen im Hamburger Westen (Bezirk Altona) berichtet. Nach ihren Angaben wurde am fr\u00fchen Morgen mutma\u00dflich zun\u00e4chst ein Auto in Brand gesteckt. Das Feuer habe sich dann auf drei umstehende Autos ausgebreitet. Rettungskr\u00e4fte der Feuerwehr h\u00e4tten das Feuer gel\u00f6scht. Es werde mit Verdacht auf Brandstiftung ermittelt, teilte ein Polizeisprecher mit.<\/p>\n<p>Linksextremes Portal ver\u00f6ffentlicht Adressen von AfD-Politikern<\/p>\n<p>Das linksextreme Portal \u201eIndymedia\u201c hatte erst vor drei Wochen Baumanns Privatadresse zusammen mit der Adresse von zwei weiteren Hamburger AfD-Politikern in Hamburg <a class=\"is-link c-block-items__link c-link--rich-text-renderer\" href=\"https:\/\/www.welt.de\/politik\/deutschland\/article68e8bdbcd212ab5081d57100\/hamburg-linksextremes-portal-veroeffentlicht-adressen-von-afd-politikern-meine-frau-hat-richtig-angst.html\" data-internal-tracking-enabled=\"true\" data-internal-tracking=\"{&quot;action&quot;:&quot;click&quot;,&quot;label&quot;:&quot;link&quot;,&quot;name&quot;:&quot;Inline Element&quot;,&quot;data&quot;:{&quot;source&quot;:&quot;&quot;,&quot;target&quot;:&quot;https:\/\/www.welt.de\/politik\/deutschland\/article68e8bdbcd212ab5081d57100\/hamburg-linksextremes-portal-veroeffentlicht-adressen-von-afd-politikern-meine-frau-hat-richtig-angst.html&quot;,&quot;trackingName&quot;:&quot;&quot;,&quot;trackingLabel&quot;:&quot;&quot;}}\" target=\"_blank\" rel=\"noopener\">ver\u00f6ffentlicht<\/a>. Auf der Homepage von \u201eIndymedia\u201c hie\u00df es, man habe \u201edrei AfD-Politiker in Hamburg geoutet\u201c. Die M\u00e4nner seien in ihrem Wohnumfeld \u201ebesucht\u201c worden. Das Portal stellte dort alle drei namentlich und mit Wohnort vor, der Verfasser selbst blieb anonym.<\/p>\n<p>Der Staatsschutz ermittelt in dem Fall. Baumann sagte damals WELT TV: \u201eIch habe andauernd Anschl\u00e4ge auf mein Haus. Meine Frau hat richtig Angst.\u201c Er habe Stahlt\u00fcren eingebaut und einen Hund angeschafft, damit seine Frau wieder schlafen k\u00f6nne.<\/p>\n<p>dpa\/ceb<\/p>\n","protected":false},"excerpt":{"rendered":"Vor dem Wohnhaus von AfD-Politiker Bernd Baumann ist in der Nacht dessen Auto ausgebrannt. Drei weitere Fahrzeuge wurden&hellip;\n","protected":false},"author":2,"featured_media":547992,"comment_status":"","ping_status":"","sticky":false,"template":"","format":"standard","meta":{"footnotes":""},"categories":[2],"tags":[186,95534,51814,4852,29,30,692,13,14,15,110,121,12,10,8,9,11],"class_list":{"0":"post-547991","1":"post","2":"type-post","3":"status-publish","4":"format-standard","5":"has-post-thumbnail","7":"category-deutschland","8":"tag-afd","9":"tag-baumann","10":"tag-bernd","11":"tag-brandstiftung","12":"tag-deutschland","13":"tag-germany","14":"tag-hamburg","15":"tag-headlines","16":"tag-nachrichten","17":"tag-news","18":"tag-newsteam","19":"tag-polizei","20":"tag-schlagzeilen","21":"tag-top-news","22":"tag-top-meldungen","23":"tag-topmeldungen","24":"tag-topnews"},"share_on_mastodon":{"url":"https:\/\/pubeurope.com\/@de\/115486446559191826","error":""},"_links":{"self":[{"href":"https:\/\/www.europesays.com\/de\/wp-json\/wp\/v2\/posts\/547991","targetHints":{"allow":["GET"]}}],"collection":[{"href":"https:\/\/www.europesays.com\/de\/wp-json\/wp\/v2\/posts"}],"about":[{"href":"https:\/\/www.europesays.com\/de\/wp-json\/wp\/v2\/types\/post"}],"author":[{"embeddable":true,"href":"https:\/\/www.europesays.com\/de\/wp-json\/wp\/v2\/users\/2"}],"replies":[{"embeddable":true,"href":"https:\/\/www.europesays.com\/de\/wp-json\/wp\/v2\/comments?post=547991"}],"version-history":[{"count":0,"href":"https:\/\/www.europesays.com\/de\/wp-json\/wp\/v2\/posts\/547991\/revisions"}],"wp:featuredmedia":[{"embeddable":true,"href":"https:\/\/www.europesays.com\/de\/wp-json\/wp\/v2\/media\/547992"}],"wp:attachment":[{"href":"https:\/\/www.europesays.com\/de\/wp-json\/wp\/v2\/media?parent=547991"}],"wp:term":[{"taxonomy":"category","embeddable":true,"href":"https:\/\/www.europesays.com\/de\/wp-json\/wp\/v2\/categories?post=547991"},{"taxonomy":"post_tag","embeddable":true,"href":"https:\/\/www.europesays.com\/de\/wp-json\/wp\/v2\/tags?post=547991"}],"curies":[{"name":"wp","href":"https:\/\/api.w.org\/{rel}","templated":true}]}}