{"id":548563,"date":"2025-11-03T20:39:17","date_gmt":"2025-11-03T20:39:17","guid":{"rendered":"https:\/\/www.europesays.com\/de\/548563\/"},"modified":"2025-11-03T20:39:17","modified_gmt":"2025-11-03T20:39:17","slug":"verein-will-gebetsraeume-in-schulen-einklagen","status":"publish","type":"post","link":"https:\/\/www.europesays.com\/de\/548563\/","title":{"rendered":"Verein will Gebetsr\u00e4ume in Schulen einklagen"},"content":{"rendered":"<p class=\"tspCCnc tspCCnd\">Berliner Schulleitungen bef\u00fcrchten verst\u00e4rkte religi\u00f6se Konflikte in ihrer Sch\u00fclerschaft. Ausl\u00f6ser ist die Klage der \u201eGesellschaft f\u00fcr Freiheitsrechte\u201c <a href=\"https:\/\/www.tagesspiegel.de\/berlin\/gebetsverbot-fur-muslimische-schuler-klage-gegen-berliner-gymnasium-14586188.html?icid=in-text-link_14636759\" class=\"link link--internal\" data-gtm-class=\"article-text-link\" data-gtm-val=\"internal\" target=\"_blank\" rel=\"noopener\">gegen Gebetsverbote an Schulen.<\/a> Mit dem Hinweis auf das Berliner Landesantidiskriminierungsgesetz (LADG) sollen derartige Verbote vom Berliner Verwaltungsgericht untersagt werden, erhofft sich der Verein.<\/p>\n","protected":false},"excerpt":{"rendered":"Berliner Schulleitungen bef\u00fcrchten verst\u00e4rkte religi\u00f6se Konflikte in ihrer Sch\u00fclerschaft. Ausl\u00f6ser ist die Klage der \u201eGesellschaft f\u00fcr Freiheitsrechte\u201c gegen&hellip;\n","protected":false},"author":2,"featured_media":548564,"comment_status":"","ping_status":"","sticky":false,"template":"","format":"standard","meta":{"footnotes":""},"categories":[1825],"tags":[712,296,31,29,30,3295,555,556,577,525,526,966],"class_list":{"0":"post-548563","1":"post","2":"type-post","3":"status-publish","4":"format-standard","5":"has-post-thumbnail","7":"category-berlin","8":"tag-antisemitismus","9":"tag-berlin","10":"tag-cdu","11":"tag-deutschland","12":"tag-germany","13":"tag-hochschulen","14":"tag-islam","15":"tag-islamismus","16":"tag-krieg-in-nahost","17":"tag-mitte","18":"tag-neukoelln","19":"tag-schule"},"share_on_mastodon":{"url":"https:\/\/pubeurope.com\/@de\/115487700835704627","error":""},"_links":{"self":[{"href":"https:\/\/www.europesays.com\/de\/wp-json\/wp\/v2\/posts\/548563","targetHints":{"allow":["GET"]}}],"collection":[{"href":"https:\/\/www.europesays.com\/de\/wp-json\/wp\/v2\/posts"}],"about":[{"href":"https:\/\/www.europesays.com\/de\/wp-json\/wp\/v2\/types\/post"}],"author":[{"embeddable":true,"href":"https:\/\/www.europesays.com\/de\/wp-json\/wp\/v2\/users\/2"}],"replies":[{"embeddable":true,"href":"https:\/\/www.europesays.com\/de\/wp-json\/wp\/v2\/comments?post=548563"}],"version-history":[{"count":0,"href":"https:\/\/www.europesays.com\/de\/wp-json\/wp\/v2\/posts\/548563\/revisions"}],"wp:featuredmedia":[{"embeddable":true,"href":"https:\/\/www.europesays.com\/de\/wp-json\/wp\/v2\/media\/548564"}],"wp:attachment":[{"href":"https:\/\/www.europesays.com\/de\/wp-json\/wp\/v2\/media?parent=548563"}],"wp:term":[{"taxonomy":"category","embeddable":true,"href":"https:\/\/www.europesays.com\/de\/wp-json\/wp\/v2\/categories?post=548563"},{"taxonomy":"post_tag","embeddable":true,"href":"https:\/\/www.europesays.com\/de\/wp-json\/wp\/v2\/tags?post=548563"}],"curies":[{"name":"wp","href":"https:\/\/api.w.org\/{rel}","templated":true}]}}