{"id":549102,"date":"2025-11-04T01:40:16","date_gmt":"2025-11-04T01:40:16","guid":{"rendered":"https:\/\/www.europesays.com\/de\/549102\/"},"modified":"2025-11-04T01:40:16","modified_gmt":"2025-11-04T01:40:16","slug":"polizei-greift-bei-protesten-gegen-rechte-demo-ein","status":"publish","type":"post","link":"https:\/\/www.europesays.com\/de\/549102\/","title":{"rendered":"Polizei greift bei Protesten gegen rechte Demo ein"},"content":{"rendered":"<p>Rechte Demo und Gegenprotest <\/p>\n<p>Polizei trennt Lager \u2013 und greift mehrfach ein<\/p>\n<p>04.11.2025 &#8211; 02:21 UhrLesedauer: 2 Min.<\/p>\n<p><a href=\"#focus-0\" class=\"transition-colors duration-200 block text-current relative\" data-sctrack=\"FocusGalleryImage.Reference\"><img fetchpriority=\"high\" data-testid=\"Opener.Image\" style=\"--lqipURL:url('https:\/\/images.t-online.de\/2025\/11\/SHn6nWJ1Lo1g\/0x280:3843x2162\/fit-in\/150x0\/filters:blur(25)\/polizeibeamte-in-der-nuernberger-innenstadt-archivbild-die-polizei-musste-am-montagabend-bei-demonstrationen-mehrfach-eingreifen.jpg')\"   loading=\"eager\" src=\"https:\/\/www.europesays.com\/de\/wp-content\/uploads\/2025\/11\/polizeibeamte-in-der-nuernberger-innenstadt-archivbild-die-polizei-musste-am-montagabend-bei-demonst.jpeg\" alt=\"Polizeibeamte in der N\u00fcrnberger Innenstadt (Archivbild): Die Polizei musste am Montagabend bei Demonstrationen mehrfach eingreifen.\" title=\"Polizeibeamte in der N\u00fcrnberger Innenstadt (Archivbild): Die Polizei musste am Montagabend bei Demonstrationen mehrfach eingreifen.\" width=\"3843\" height=\"2162\" class=\"bg-[url:var(--lqipURL)] bg-cover bg-center flex h-full w-full max-w-full\" decoding=\"async\"\/><img style=\"--width:32;--height:32\" loading=\"lazy\" src=\"https:\/\/nuernberg.t-online.de\/s\/paper\/_next\/static\/media\/zoom-in.f7dae02f.svg\" alt=\"Vergr\u00f6\u00dfern des Bildes\" title=\"Vergr\u00f6\u00dfern des Bildes\" class=\"block h-[calc(var(--height)_\/_16_*_1rem)] w-[calc(var(--width)_\/_16_*_1rem)] max-w-none absolute bottom-8 right-8 rounded-4 bg-snow p-8\" decoding=\"async\"\/><\/a><\/p>\n<p>Polizeibeamte in der N\u00fcrnberger Innenstadt (Archivbild): Bis zu 250 Personen nahmen an den Demonstrationen teil. (Quelle: IMAGO\/Ardan Fuessmann\/imago-images-bilder)<\/p>\n<p class=\"font-bold text-18 leading-17\">Protest gegen rechte Demo in N\u00fcrnberg: Sperrgitter werden verscuht zu \u00fcbersteigen, Sitzblockaden errichtet. Die Polizei wendet Zwang an und registriert Straftaten.<\/p>\n<p class=\"text-18 leading-17\">Straftaten, Blockadeversuche und Polizeizwang: Proteste gegen eine rechte Demonstration in der N\u00fcrnberger Innenstadt sind am Montagabend mehrfach eskaliert. Die Einsatzkr\u00e4fte mussten wiederholt eingreifen, um ein direktes Aufeinandertreffen unterschiedlicher politischer Lager zu verhindern.<\/p>\n<p class=\"text-18 leading-17\">Rund 70 Teilnehmer versammelten sich ab 18.30 Uhr in der Waaggasse zu einer rechten Kundgebung mit dem Titel &#8222;F\u00fcr Meinungs- und Versammlungsfreiheit \u2013 Gegen politische Gewalt!&#8220;. Zeitgleich formierten sich in unmittelbarer N\u00e4he vier Gegenproteste, an denen in der Spitze rund 250 Personen teilnahmen. Die Gegenkundgebungen trugen die Titel &#8222;Vor Gott sind alle Menschen gleich&#8220;, &#8222;N\u00fcrnberg Nazifrei&#8220;, &#8222;Mahnwache gegen die Montagsdemo vom Team Menschenrechte&#8220; sowie &#8222;Musiker*innen gegen Nazis&#8220;.<\/p>\n<p class=\"text-18 leading-17\">Die Polizei setzte Sperrgitter ein, um die Teilnehmer der unterschiedlichen Versammlungen voneinander zu trennen. Gegen 19.10 Uhr formierte sich die rechte Versammlung zu einem Demonstrationszug durch die Innenstadt. Die Gegendemonstranten beteiligten sich ebenfalls an einem Aufzug mit alternativer Route.<\/p>\n<p class=\"text-18 leading-17\">An mehreren \u00d6rtlichkeiten entlang der Wegstrecke lie\u00dfen sich Teilnehmer des Gegenprotests zu Sitzblockaden nieder. Um eine vollst\u00e4ndige Blockade der Aufzugsstrecke zu verhindern, mussten die Einsatzkr\u00e4fte vereinzelt unmittelbaren Zwang anwenden. Der rechte Demonstrationszug konnte die Blockadeversuche im Anschluss jeweils umlaufen.<\/p>\n<p class=\"text-18 leading-17\">W\u00e4hrend des Versammlungsgeschehens versuchten Gegendemonstranten zudem, durch \u00dcbersteigen der Sperrgitter auf die Versammlungsfl\u00e4che der rechten Auftaktkundgebung zu gelangen. Auch hier wandten die Beamten vereinzelt unmittelbaren Zwang an.<\/p>\n<p class=\"text-18 leading-17\">Im Rahmen der Veranstaltung kam es vereinzelt zu Straftaten nach dem Versammlungsgesetz. Nachdem der Demonstrationszug f\u00fcr eine Abschlusskundgebung zur Waaggasse zur\u00fcckgekehrt war, beendeten die Teilnehmer die Versammlung gegen 21.15 Uhr.<\/p>\n<p class=\"text-18 leading-17\">Unter der Leitung der Polizeiinspektion N\u00fcrnberg-Mitte waren zahlreiche Einsatzkr\u00e4fte der Bayerischen Bereitschaftspolizei, der Polizeiinspektion Zentrale Einsatzdienste Mittelfranken, der N\u00fcrnberger Verkehrspolizei sowie der Kriminalpolizei N\u00fcrnberg im Einsatz.<\/p>\n","protected":false},"excerpt":{"rendered":"Rechte Demo und Gegenprotest Polizei trennt Lager \u2013 und greift mehrfach ein 04.11.2025 &#8211; 02:21 UhrLesedauer: 2 Min.&hellip;\n","protected":false},"author":2,"featured_media":549103,"comment_status":"","ping_status":"","sticky":false,"template":"","format":"standard","meta":{"footnotes":"","_share_on_mastodon":"0"},"categories":[1837],"tags":[722,3176,772,133515,3364,29,28735,30,3783,121,41829,133514,14453],"class_list":["post-549102","post","type-post","status-publish","format-standard","has-post-thumbnail","category-nuernberg","tag-722","tag-3176","tag-bayern","tag-blockadeversuch","tag-de","tag-deutschland","tag-gegenprotest","tag-germany","tag-nuernberg","tag-polizei","tag-sitzblockade","tag-sperrgitter","tag-straftat"],"share_on_mastodon":{"url":"https:\/\/pubeurope.com\/@de\/115488885116298493","error":""},"_links":{"self":[{"href":"https:\/\/www.europesays.com\/de\/wp-json\/wp\/v2\/posts\/549102","targetHints":{"allow":["GET"]}}],"collection":[{"href":"https:\/\/www.europesays.com\/de\/wp-json\/wp\/v2\/posts"}],"about":[{"href":"https:\/\/www.europesays.com\/de\/wp-json\/wp\/v2\/types\/post"}],"author":[{"embeddable":true,"href":"https:\/\/www.europesays.com\/de\/wp-json\/wp\/v2\/users\/2"}],"replies":[{"embeddable":true,"href":"https:\/\/www.europesays.com\/de\/wp-json\/wp\/v2\/comments?post=549102"}],"version-history":[{"count":0,"href":"https:\/\/www.europesays.com\/de\/wp-json\/wp\/v2\/posts\/549102\/revisions"}],"wp:featuredmedia":[{"embeddable":true,"href":"https:\/\/www.europesays.com\/de\/wp-json\/wp\/v2\/media\/549103"}],"wp:attachment":[{"href":"https:\/\/www.europesays.com\/de\/wp-json\/wp\/v2\/media?parent=549102"}],"wp:term":[{"taxonomy":"category","embeddable":true,"href":"https:\/\/www.europesays.com\/de\/wp-json\/wp\/v2\/categories?post=549102"},{"taxonomy":"post_tag","embeddable":true,"href":"https:\/\/www.europesays.com\/de\/wp-json\/wp\/v2\/tags?post=549102"}],"curies":[{"name":"wp","href":"https:\/\/api.w.org\/{rel}","templated":true}]}}