{"id":549642,"date":"2025-11-04T06:53:11","date_gmt":"2025-11-04T06:53:11","guid":{"rendered":"https:\/\/www.europesays.com\/de\/549642\/"},"modified":"2025-11-04T06:53:11","modified_gmt":"2025-11-04T06:53:11","slug":"vom-vokuhila-zur-trendfrisur-ist-der-mullet-buerotauglich-2","status":"publish","type":"post","link":"https:\/\/www.europesays.com\/de\/549642\/","title":{"rendered":"Vom Vokuhila zur Trendfrisur: Ist der Mullet b\u00fcrotauglich?"},"content":{"rendered":"<p>Berlin (dpa\/tmn) &#8211; Kaum eine Frisur polarisiert so sehr wie der Mullet. Was fr\u00fcher als modische Grenz\u00fcberschreitung galt, ist heute wieder in. Doch darf man den Look auch im B\u00fcro tragen? Friseurmeister Antonio Weinitschke erkl\u00e4rt, warum der Mullet heute mehr Stil als Skandal ist \u2013 und wie er sogar im Business-Alltag funktioniert.<\/p>\n<p>Vom 80er-Jahre-Vokuhila zum modernen Statement-Look<\/p>\n<p>\u00abDer Unterschied zu den 80ern ist gro\u00df\u00bb, so Weinitschke. Der Mullet der damaligen Zeit war im Vergleich zu heute extremer, mit mehr Volumen und einem st\u00e4rkeren Kontrast zwischen vorn und hinten. Oft als \u00abVokuhila\u00bb bezeichnet, stand der Look f\u00fcr Rebellion und Popkultur.\u00a0<\/p>\n<p>Heute ist der Mullet weicher, mit sanfteren \u00dcberg\u00e4ngen und einer nat\u00fcrlicheren Struktur. Er erinnert zwar an die Rock- und Country-\u00c4sthetik der 80er Jahre, wirkt jedoch deutlich eleganter und zeitgem\u00e4\u00dfer. Statt lauter Provokation steht heute Individualit\u00e4t im Vordergrund.<\/p>\n<p>Mullet im B\u00fcro &#8211; geht das?<\/p>\n<p>Doch wie sieht es im Job aus &#8211; kann man den Mullet wirklich zwischen Excel-Tabellen und Team-Meetings tragen? Der Experte sagt ja, mit der richtigen Haltung. \u00abDie Zeiten, in denen es ein Diktat f\u00fcr Frisuren im B\u00fcro gab, sind vorbei. Wenn der Mullet professionell geschnitten ist, kann man ihn in fast jeder Branche tragen\u00bb.<\/p>\n<p>Nat\u00fcrlich gebe es Unterschiede. In kreativen Berufen etwa falle ein individueller Look kaum auf, in konservativeren Umfeldern wie einer Bank k\u00f6nne er dagegen immer noch f\u00fcr Stirnrunzeln sorgen. Trotzdem: Der Mullet ist angekommen und zwar nicht nur auf den Laufstegen, sondern auch im Gro\u00dfraumb\u00fcro, so Antonio Weinitschke.<\/p>\n<p>So wird der Mullet b\u00fcrotauglich<\/p>\n<p>F\u00fcr den Alltag r\u00e4t der Experte zu einem dezenteren Styling. \u00abAm besten tr\u00e4gt man ihn weich und locker, nicht zu aufgerissen, das w\u00e4re dann eher der Party- oder Band-Look\u00bb. Mit Styling-Creme oder leichtem Haarspray l\u00e4sst sich der Mullet nat\u00fcrlich formen. Von Gels oder stark fixierenden Produkten hingegen r\u00e4t er ab, \u00absonst wirkt der Look schnell k\u00fcnstlich oder angeklebt\u00bb.<\/p>\n<p>Wer morgens also vor dem Spiegel steht, sollte auf \u00abl\u00e4ssig statt laut\u00bb setzen und den Schnitt so stylen, dass er zur eigenen Pers\u00f6nlichkeit und Arbeitsumgebung passt.<\/p>\n<p>No-Go: 80er-Retro ohne Update<\/p>\n<p>Ein ungepflegter oder zu extrem gestylter Mullet wirkt laut Weinitschke schnell unprofessionell. \u00abWenn er aussieht wie in den 80ern, ist das ein No-Go\u00bb. Wichtig sei, dass der Haarschnitt sauber gearbeitet ist und zum Tr\u00e4ger oder zur Tr\u00e4gerin passt. Nur dann strahlt er Stilbewusstsein statt Nostalgie aus.<\/p>\n","protected":false},"excerpt":{"rendered":"Berlin (dpa\/tmn) &#8211; Kaum eine Frisur polarisiert so sehr wie der Mullet. Was fr\u00fcher als modische Grenz\u00fcberschreitung galt,&hellip;\n","protected":false},"author":2,"featured_media":549643,"comment_status":"","ping_status":"","sticky":false,"template":"","format":"standard","meta":{"footnotes":""},"categories":[1843],"tags":[133597,2632,128884,3364,29,655,30,2995,350,8970,1209,624,25286],"class_list":{"0":"post-549642","1":"post","2":"type-post","3":"status-publish","4":"format-standard","5":"has-post-thumbnail","7":"category-muenster","8":"tag-mullet","9":"tag-brcmj","10":"tag-bro","11":"tag-de","12":"tag-deutschland","13":"tag-frisur","14":"tag-germany","15":"tag-haare","16":"tag-mode","17":"tag-muenster","18":"tag-nordrhein-westfalen","19":"tag-ratgeber","20":"tag-tmn1000"},"share_on_mastodon":{"url":"https:\/\/pubeurope.com\/@de\/115490115135347321","error":""},"_links":{"self":[{"href":"https:\/\/www.europesays.com\/de\/wp-json\/wp\/v2\/posts\/549642","targetHints":{"allow":["GET"]}}],"collection":[{"href":"https:\/\/www.europesays.com\/de\/wp-json\/wp\/v2\/posts"}],"about":[{"href":"https:\/\/www.europesays.com\/de\/wp-json\/wp\/v2\/types\/post"}],"author":[{"embeddable":true,"href":"https:\/\/www.europesays.com\/de\/wp-json\/wp\/v2\/users\/2"}],"replies":[{"embeddable":true,"href":"https:\/\/www.europesays.com\/de\/wp-json\/wp\/v2\/comments?post=549642"}],"version-history":[{"count":0,"href":"https:\/\/www.europesays.com\/de\/wp-json\/wp\/v2\/posts\/549642\/revisions"}],"wp:featuredmedia":[{"embeddable":true,"href":"https:\/\/www.europesays.com\/de\/wp-json\/wp\/v2\/media\/549643"}],"wp:attachment":[{"href":"https:\/\/www.europesays.com\/de\/wp-json\/wp\/v2\/media?parent=549642"}],"wp:term":[{"taxonomy":"category","embeddable":true,"href":"https:\/\/www.europesays.com\/de\/wp-json\/wp\/v2\/categories?post=549642"},{"taxonomy":"post_tag","embeddable":true,"href":"https:\/\/www.europesays.com\/de\/wp-json\/wp\/v2\/tags?post=549642"}],"curies":[{"name":"wp","href":"https:\/\/api.w.org\/{rel}","templated":true}]}}