{"id":549718,"date":"2025-11-04T07:35:12","date_gmt":"2025-11-04T07:35:12","guid":{"rendered":"https:\/\/www.europesays.com\/de\/549718\/"},"modified":"2025-11-04T07:35:12","modified_gmt":"2025-11-04T07:35:12","slug":"ssvg-velbert-02-verliert-gegen-1-fc-koeln-u21","status":"publish","type":"post","link":"https:\/\/www.europesays.com\/de\/549718\/","title":{"rendered":"SSVg Velbert 02 verliert gegen 1. FC K\u00f6ln U21"},"content":{"rendered":"<p>                                Spielinfos:<br \/>\nDatum &amp; Uhrzeit: 02.11.2025 14.00 Uhr<br \/>Austragungsort: K\u00f6ln<br \/>Wettbewerb: Regionalliga West<br \/>Spieltag: 14<\/p>\n<p>Spielbericht: 1. FC K\u00f6ln U21 gegen SSVg Velbert 02 4:1 (2:1)<\/p>\n<p id=\"absatz2\" class=\"em_text\">K\u00f6ln. Das Match 1. FC K\u00f6ln U21 &#8211; SSVg Velbert 02 am Sonntag nahm eine pl\u00f6tzliche Wende: Nachdem Velbert einen Treffer versenken kann, dominieren die Gei\u00dfb\u00f6cke den Rest des Spiels und holt sich mit drei Treffern Vorsprung den Sieg. Der Schiedsrichter Jonas Fischbach hat alle H\u00e4nde voll zu tun. Sage und schreibe acht Karten kommen in dieser turbulenten Partie zum Einsatz.<\/p>\n<p id=\"absatz4\" class=\"em_text\">Bereits kurz nach Anpfiff landet Robin Hilger den ersten Treffer und bringt die G\u00e4ste in F\u00fchrung (10). Ein paar Minuten sp\u00e4ter f\u00e4llt auch schon das Gegentor durch Safyan Toure (23). Das Unentschieden h\u00e4lt jedoch nicht lang. K\u00f6lns Malek El Mala kann seinem Team in Minute 2 einen Vorsprung verschaffen. Der Anfang vom Ende f\u00fcr die Jungs aus Velbert. Einen weiteren Treffer durch Sargis Adamyan (61) m\u00fcssen sie einstecken. Es steht 3:1 f\u00fcr den 1. FC K\u00f6ln U21.<\/p>\n<p id=\"absatz5\" class=\"em_text\">In der verbleibenden Spielzeit versuchen beide Teams durch Spielerwechsel nochmal neue Energie aufs Feld zu bringen. Bernie Lennemann ersetzt Emin Kujovic und Luca D\u00fcrholtz f\u00fcr Safyan Toure. Auf der Gastseite springt Reo Yoshida f\u00fcr Ismael Remmo ein.<\/p>\n<p id=\"absatz6\" class=\"em_text\">Den K\u00f6lnern gelingt es in der Mitte der zweiten Runde schlie\u00dflich, ein weiteres Mal zu treffen und den Abstand auszubauen. Nilas Kossi Henriksen Yacobi kann in der 70. Spielminute erfolgreich abschlie\u00dfen. Der 1. FC K\u00f6ln U21 verl\u00e4sst das Spielfeld als zufriedener Sieger dieses Duells. Platz neun geh\u00f6rt ihnen.<\/p>\n<p id=\"absatz7\" class=\"em_text\">Tore fallen keine mehr, langweilig ist der Rest des Spiels deswegen nicht. Die SSVg Velbert 02 wird noch zweimal mit Gelb verwarnt. Die Gegner vom 1. FC K\u00f6ln U21 beenden die Partie mit zwei weiteren Gelben Karten (79, 87).<\/p>\n<p>Die Aufstellungen: 1. FC K\u00f6ln U21 &#8211; SSVg Velbert 02<br \/>\nFC K\u00f6ln U21: Malek El Mala (9), Mikail \u00d6zkan (30), Yannick Lester Mausehund (4), Luis Hauer (1), Cenny Neumann (13), Etienne Paul Borie (16), Neo Joshua Telle (18), Safyan Toure (19), Patrik Kristal (12), Sargis Adamyan (10), Emin Kujovic (17)<\/p>\n<p id=\"absatz8\" class=\"em_text\">SSVg Velbert 02: Calvin Marlon Mockschan (10), Benjamin Hemcke (34), Marcel Lenz (1), Arlind Mimini (15), Philip Amaro Buczkowski (2), Felix Herzenbruch (3), Timo Mehlich (23), Ismael Remmo (31), Robin Hilger (17), Jonas B\u00fcchte (33), Beyhan Ametov (14)<br \/>Schiedsrichter: Jonas Fischbach<\/p>\n<p id=\"absatz9\" class=\"em_text\">Assistent: J\u00f6rn Sch\u00e4fer<\/p>\n<p id=\"absatz10\" class=\"em_text\">Assistent: Bj\u00f6rn Sauer<\/p>\n<p id=\"absatz11\" class=\"em_text\" style=\"font-size: .8em;\">Die Inhalte dieses Berichts wurden automatisch auf der Basis von DFB-Daten zusammengestellt.<\/p>\n","protected":false},"excerpt":{"rendered":"Spielinfos: Datum &amp; Uhrzeit: 02.11.2025 14.00 UhrAustragungsort: K\u00f6lnWettbewerb: Regionalliga WestSpieltag: 14 Spielbericht: 1. FC K\u00f6ln U21 gegen SSVg&hellip;\n","protected":false},"author":2,"featured_media":549719,"comment_status":"","ping_status":"","sticky":false,"template":"","format":"standard","meta":{"footnotes":""},"categories":[1828],"tags":[2499,7767,29,15184,15188,5282,30,133603,1420,734,7774,1613,1209,3459,94815,7772,7773,7765,22970,4233],"class_list":{"0":"post-549718","1":"post","2":"type-post","3":"status-publish","4":"format-standard","5":"has-post-thumbnail","7":"category-koeln","8":"tag-kln","9":"tag-1-fc-kln","10":"tag-deutschland","11":"tag-el-mala","12":"tag-emin-kujovic","13":"tag-fuball","14":"tag-germany","15":"tag-jonas-fischbach","16":"tag-koeln","17":"tag-meta_artikelklasse_nachricht","18":"tag-meta_themen_sport","19":"tag-meta_userneeds_informieremich","20":"tag-nordrhein-westfalen","21":"tag-regionalliga","22":"tag-robin-hilger","23":"tag-serie_ligaid_290008","24":"tag-serie_ligaid_all","25":"tag-spielinfo","26":"tag-ssvg-velbert","27":"tag-velbert"},"share_on_mastodon":{"url":"https:\/\/pubeurope.com\/@de\/115490280326792441","error":""},"_links":{"self":[{"href":"https:\/\/www.europesays.com\/de\/wp-json\/wp\/v2\/posts\/549718","targetHints":{"allow":["GET"]}}],"collection":[{"href":"https:\/\/www.europesays.com\/de\/wp-json\/wp\/v2\/posts"}],"about":[{"href":"https:\/\/www.europesays.com\/de\/wp-json\/wp\/v2\/types\/post"}],"author":[{"embeddable":true,"href":"https:\/\/www.europesays.com\/de\/wp-json\/wp\/v2\/users\/2"}],"replies":[{"embeddable":true,"href":"https:\/\/www.europesays.com\/de\/wp-json\/wp\/v2\/comments?post=549718"}],"version-history":[{"count":0,"href":"https:\/\/www.europesays.com\/de\/wp-json\/wp\/v2\/posts\/549718\/revisions"}],"wp:featuredmedia":[{"embeddable":true,"href":"https:\/\/www.europesays.com\/de\/wp-json\/wp\/v2\/media\/549719"}],"wp:attachment":[{"href":"https:\/\/www.europesays.com\/de\/wp-json\/wp\/v2\/media?parent=549718"}],"wp:term":[{"taxonomy":"category","embeddable":true,"href":"https:\/\/www.europesays.com\/de\/wp-json\/wp\/v2\/categories?post=549718"},{"taxonomy":"post_tag","embeddable":true,"href":"https:\/\/www.europesays.com\/de\/wp-json\/wp\/v2\/tags?post=549718"}],"curies":[{"name":"wp","href":"https:\/\/api.w.org\/{rel}","templated":true}]}}