{"id":549760,"date":"2025-11-04T07:58:13","date_gmt":"2025-11-04T07:58:13","guid":{"rendered":"https:\/\/www.europesays.com\/de\/549760\/"},"modified":"2025-11-04T07:58:13","modified_gmt":"2025-11-04T07:58:13","slug":"aussenminister-wang-yi-nach-wadephul-absage-china-wirft-deutschland-mikrofon-diplomatie-vor","status":"publish","type":"post","link":"https:\/\/www.europesays.com\/de\/549760\/","title":{"rendered":"Au\u00dfenminister Wang Yi: Nach Wadephul-Absage \u2013 China wirft Deutschland \u201eMikrofon-Diplomatie\u201c vor"},"content":{"rendered":"<p class=\"is-first-paragraph\" data-external=\"Article.FirstParagraph\">Der chinesische Au\u00dfenminister Wang Yi hat Deutschland nach der kurzfristigen Verschiebung einer China-Reise von Bundesau\u00dfenminister Johann Wadephul (CDU) aufgefordert, keine \u201eMikrofon-Diplomatie\u201c zu betreiben. Das sagte er Wadephul laut Peking in einem Telefonat am Montag. Er forderte die Bundesrepublik zudem auf, \u201ekeine unbegr\u00fcndeten Anschuldigungen zu erheben, die den Tatsachen widersprechen\u201c.<\/p>\n<p>Ende Oktober hatte das Ausw\u00e4rtige Amt den geplanten China-Besuch Wadephuls kurz vor der Abreise verschoben. Als Grund gab es an, dass die chinesischen Gastgeber au\u00dfer dem Treffen mit Wang keine weiteren Termine f\u00fcr Wadephul best\u00e4tigt h\u00e4tten. Das Ausw\u00e4rtige Amt hatte dies bedauert und auf eine Reihe von Themen verwiesen, \u00fcber welche die Bundesregierung sich gerne mit China austauschen wollte \u2013 etwa Konflikte in Handelsfragen und das Verh\u00e4ltnis zu Russland.<\/p>\n<p>\u201eChina und Deutschland sollten einen stabileren und nachhaltigeren politischen Rahmen schaffen, um sicherzustellen, dass die bilateralen Beziehungen immer auf dem richtigen Weg bleiben\u201c, sagte Wang nun.<\/p>\n<p>Ein deutscher Au\u00dfenamtssprecher hatte zuvor best\u00e4tigt, dass Wadephul und Wang sich in dem Telefonat einig gewesen seien, \u201edass stabile deutsch-chinesische Beziehungen f\u00fcr beide L\u00e4nder von gro\u00dfem Interesse\u201c seien. Die beiden Minister h\u00e4tten ein \u201esehr gutes und konstruktives Gespr\u00e4ch\u201c gef\u00fchrt, in dem es um aktuelle au\u00dfen-, sicherheits- und wirtschaftspolitische Fragen gegangen sei. Sie h\u00e4tten vereinbart, \u201edazu weiter im engen Austausch zu bleiben\u201c.<\/p>\n<p>Wadephul und Wang seien sich au\u00dferdem einig gewesen, dass der Besuch bald nachgeholt werden solle, sagte der deutsche Au\u00dfenamtssprecher weiter. China habe  seine Einladung an Bundeskanzler Friedrich Merz (CDU) bekr\u00e4ftigt und zus\u00e4tzlich eine Einladung an Bundespr\u00e4sident Frank-Walter Steinmeier ausgesprochen.<\/p>\n","protected":false},"excerpt":{"rendered":"Der chinesische Au\u00dfenminister Wang Yi hat Deutschland nach der kurzfristigen Verschiebung einer China-Reise von Bundesau\u00dfenminister Johann Wadephul (CDU)&hellip;\n","protected":false},"author":2,"featured_media":549761,"comment_status":"","ping_status":"","sticky":false,"template":"","format":"standard","meta":{"footnotes":""},"categories":[2],"tags":[15323,227,21990,54962,29,30,13,32329,14,15,110,12,10,8,9,11,30616,28955],"class_list":{"0":"post-549760","1":"post","2":"type-post","3":"status-publish","4":"format-standard","5":"has-post-thumbnail","7":"category-deutschland","8":"tag-balken-inbox","9":"tag-china","10":"tag-china-volksrepublik","11":"tag-china-politik","12":"tag-deutschland","13":"tag-germany","14":"tag-headlines","15":"tag-johann","16":"tag-nachrichten","17":"tag-news","18":"tag-newsteam","19":"tag-schlagzeilen","20":"tag-top-news","21":"tag-top-meldungen","22":"tag-topmeldungen","23":"tag-topnews","24":"tag-wadephul","25":"tag-wang-yi"},"share_on_mastodon":{"url":"https:\/\/pubeurope.com\/@de\/115490370661173158","error":""},"_links":{"self":[{"href":"https:\/\/www.europesays.com\/de\/wp-json\/wp\/v2\/posts\/549760","targetHints":{"allow":["GET"]}}],"collection":[{"href":"https:\/\/www.europesays.com\/de\/wp-json\/wp\/v2\/posts"}],"about":[{"href":"https:\/\/www.europesays.com\/de\/wp-json\/wp\/v2\/types\/post"}],"author":[{"embeddable":true,"href":"https:\/\/www.europesays.com\/de\/wp-json\/wp\/v2\/users\/2"}],"replies":[{"embeddable":true,"href":"https:\/\/www.europesays.com\/de\/wp-json\/wp\/v2\/comments?post=549760"}],"version-history":[{"count":0,"href":"https:\/\/www.europesays.com\/de\/wp-json\/wp\/v2\/posts\/549760\/revisions"}],"wp:featuredmedia":[{"embeddable":true,"href":"https:\/\/www.europesays.com\/de\/wp-json\/wp\/v2\/media\/549761"}],"wp:attachment":[{"href":"https:\/\/www.europesays.com\/de\/wp-json\/wp\/v2\/media?parent=549760"}],"wp:term":[{"taxonomy":"category","embeddable":true,"href":"https:\/\/www.europesays.com\/de\/wp-json\/wp\/v2\/categories?post=549760"},{"taxonomy":"post_tag","embeddable":true,"href":"https:\/\/www.europesays.com\/de\/wp-json\/wp\/v2\/tags?post=549760"}],"curies":[{"name":"wp","href":"https:\/\/api.w.org\/{rel}","templated":true}]}}