{"id":550081,"date":"2025-11-04T11:00:17","date_gmt":"2025-11-04T11:00:17","guid":{"rendered":"https:\/\/www.europesays.com\/de\/550081\/"},"modified":"2025-11-04T11:00:17","modified_gmt":"2025-11-04T11:00:17","slug":"wuppertal-mann-35-randaliert-vor-polizeiwache-vohwinkel-regional","status":"publish","type":"post","link":"https:\/\/www.europesays.com\/de\/550081\/","title":{"rendered":"Wuppertal: Mann (35) randaliert vor Polizeiwache Vohwinkel | Regional"},"content":{"rendered":"<p>Wuppertal \u2013 <b>Ein Mann randalierte am Nachmittag des 03.10.2025 um 17.00 Uhr vor der Polizeiwache Vohwinkel.<\/b><\/p>\n<p>Der 35-J\u00e4hrige versuchte zun\u00e4chst, Passanten auf dem Gehweg der Bahnstra\u00dfe zu schlagen. Diese konnten jedoch ausweichen. Danach ging er auf die Fahrbahn und trat nach vorbeifahrenden Autos.<\/p>\n<p>Polizisten der Wache Vohwinkel, darunter ein Kradfahrer, \u00fcberw\u00e4ltigten den Mann schlie\u00dflich und nahmen ihn in Gewahrsam. Nach ersten Erkenntnissen stand er unter erheblichem Alkoholeinfluss.<\/p>\n<p>Der Randalierer erlitt bei dem Einsatz eine leichte Gesichtsverletzung. Ihn erwarten nun eine Strafanzeige und Befragungen durch die Kriminalpolizei.<\/p>\n","protected":false},"excerpt":{"rendered":"Wuppertal \u2013 Ein Mann randalierte am Nachmittag des 03.10.2025 um 17.00 Uhr vor der Polizeiwache Vohwinkel. Der 35-J\u00e4hrige&hellip;\n","protected":false},"author":2,"featured_media":549933,"comment_status":"","ping_status":"","sticky":false,"template":"","format":"standard","meta":{"footnotes":""},"categories":[1840],"tags":[3364,29,30,1000,2509,1209,45,9026,1995,4418],"class_list":{"0":"post-550081","1":"post","2":"type-post","3":"status-publish","4":"format-standard","5":"has-post-thumbnail","7":"category-wuppertal","8":"tag-de","9":"tag-deutschland","10":"tag-germany","11":"tag-gewalt","12":"tag-ki-ots","13":"tag-nordrhein-westfalen","14":"tag-texttospeech","15":"tag-vandalismus","16":"tag-verbrechen","17":"tag-wuppertal"},"share_on_mastodon":{"url":"https:\/\/pubeurope.com\/@de\/115491086391863402","error":""},"_links":{"self":[{"href":"https:\/\/www.europesays.com\/de\/wp-json\/wp\/v2\/posts\/550081","targetHints":{"allow":["GET"]}}],"collection":[{"href":"https:\/\/www.europesays.com\/de\/wp-json\/wp\/v2\/posts"}],"about":[{"href":"https:\/\/www.europesays.com\/de\/wp-json\/wp\/v2\/types\/post"}],"author":[{"embeddable":true,"href":"https:\/\/www.europesays.com\/de\/wp-json\/wp\/v2\/users\/2"}],"replies":[{"embeddable":true,"href":"https:\/\/www.europesays.com\/de\/wp-json\/wp\/v2\/comments?post=550081"}],"version-history":[{"count":0,"href":"https:\/\/www.europesays.com\/de\/wp-json\/wp\/v2\/posts\/550081\/revisions"}],"wp:featuredmedia":[{"embeddable":true,"href":"https:\/\/www.europesays.com\/de\/wp-json\/wp\/v2\/media\/549933"}],"wp:attachment":[{"href":"https:\/\/www.europesays.com\/de\/wp-json\/wp\/v2\/media?parent=550081"}],"wp:term":[{"taxonomy":"category","embeddable":true,"href":"https:\/\/www.europesays.com\/de\/wp-json\/wp\/v2\/categories?post=550081"},{"taxonomy":"post_tag","embeddable":true,"href":"https:\/\/www.europesays.com\/de\/wp-json\/wp\/v2\/tags?post=550081"}],"curies":[{"name":"wp","href":"https:\/\/api.w.org\/{rel}","templated":true}]}}