{"id":550092,"date":"2025-11-04T11:07:12","date_gmt":"2025-11-04T11:07:12","guid":{"rendered":"https:\/\/www.europesays.com\/de\/550092\/"},"modified":"2025-11-04T11:07:12","modified_gmt":"2025-11-04T11:07:12","slug":"aldi-eroeffnet-16-filialen-im-vereinigten-koenigreich-wo-die-neuen-maerkte-erscheinen-werden","status":"publish","type":"post","link":"https:\/\/www.europesays.com\/de\/550092\/","title":{"rendered":"ALDI er\u00f6ffnet 16 Filialen im Vereinigten K\u00f6nigreich: Wo die neuen M\u00e4rkte erscheinen werden"},"content":{"rendered":"<p>                        ALDI plant die Er\u00f6ffnung neuer FilialenALDI hat angek\u00fcndigt, in den n\u00e4chsten f\u00fcnf Wochen 16 neue Filialen im Vereinigten K\u00f6nigreich zu er\u00f6ffnen.<\/p>\n<p>Fans dieses Discounters k\u00f6nnen ungeduldig auf Nachrichten warten, ob eine Filiale mit attraktiven Angeboten in ihrer Stadt er\u00f6ffnet. Die neuen Filialen werden ihre T\u00fcren vom 6. November bis zum 12. Dezember \u00f6ffnen.<\/p>\n<blockquote><p>ALDI hat bekannt gegeben, dass es im Vereinigten K\u00f6nigreich innerhalb von f\u00fcnf Wochen 16 Filialen er\u00f6ffnen wird.<\/p><\/blockquote>\n<blockquote><p>Der deutsche Einzelh\u00e4ndler wird die Kunden zwischen dem 6. November und dem 12. Dezember an den Standorten begr\u00fc\u00dfen.<\/p><\/blockquote>\n<p>Diese Er\u00f6ffnung zeigt die Expansion des ALDI-Netzwerks im Land, was sich positiv auf den Wettbewerb im Einzelhandelssektor auswirken kann. Verbraucher haben Zugang zu neuen Produkten und Angeboten, was besonders vor der Feiertagszeit wichtig ist.<\/p>\n","protected":false},"excerpt":{"rendered":"ALDI plant die Er\u00f6ffnung neuer FilialenALDI hat angek\u00fcndigt, in den n\u00e4chsten f\u00fcnf Wochen 16 neue Filialen im Vereinigten&hellip;\n","protected":false},"author":2,"featured_media":550093,"comment_status":"","ping_status":"","sticky":false,"template":"","format":"standard","meta":{"footnotes":""},"categories":[3976],"tags":[331,332,13,14,15,12,3992,3993,3994,3995,3996,3997],"class_list":{"0":"post-550092","1":"post","2":"type-post","3":"status-publish","4":"format-standard","5":"has-post-thumbnail","7":"category-vereinigtes-koenigreich","8":"tag-aktuelle-nachrichten","9":"tag-aktuelle-news","10":"tag-headlines","11":"tag-nachrichten","12":"tag-news","13":"tag-schlagzeilen","14":"tag-uk","15":"tag-united-kingdom","16":"tag-united-kingdom-of-great-britain-and-northern-ireland","17":"tag-vereinigtes-koenigreich","18":"tag-vereinigtes-koenigreich-grossbritannien-und-nordirland","19":"tag-vereinigtes-koenigreich-von-grossbritannien-und-nordirland"},"share_on_mastodon":{"url":"https:\/\/pubeurope.com\/@de\/115491114103869389","error":""},"_links":{"self":[{"href":"https:\/\/www.europesays.com\/de\/wp-json\/wp\/v2\/posts\/550092","targetHints":{"allow":["GET"]}}],"collection":[{"href":"https:\/\/www.europesays.com\/de\/wp-json\/wp\/v2\/posts"}],"about":[{"href":"https:\/\/www.europesays.com\/de\/wp-json\/wp\/v2\/types\/post"}],"author":[{"embeddable":true,"href":"https:\/\/www.europesays.com\/de\/wp-json\/wp\/v2\/users\/2"}],"replies":[{"embeddable":true,"href":"https:\/\/www.europesays.com\/de\/wp-json\/wp\/v2\/comments?post=550092"}],"version-history":[{"count":0,"href":"https:\/\/www.europesays.com\/de\/wp-json\/wp\/v2\/posts\/550092\/revisions"}],"wp:featuredmedia":[{"embeddable":true,"href":"https:\/\/www.europesays.com\/de\/wp-json\/wp\/v2\/media\/550093"}],"wp:attachment":[{"href":"https:\/\/www.europesays.com\/de\/wp-json\/wp\/v2\/media?parent=550092"}],"wp:term":[{"taxonomy":"category","embeddable":true,"href":"https:\/\/www.europesays.com\/de\/wp-json\/wp\/v2\/categories?post=550092"},{"taxonomy":"post_tag","embeddable":true,"href":"https:\/\/www.europesays.com\/de\/wp-json\/wp\/v2\/tags?post=550092"}],"curies":[{"name":"wp","href":"https:\/\/api.w.org\/{rel}","templated":true}]}}