{"id":550114,"date":"2025-11-04T11:19:11","date_gmt":"2025-11-04T11:19:11","guid":{"rendered":"https:\/\/www.europesays.com\/de\/550114\/"},"modified":"2025-11-04T11:19:11","modified_gmt":"2025-11-04T11:19:11","slug":"a73-volksverhetzendes-plakat-auf-bruecke-entdeckt-regional","status":"publish","type":"post","link":"https:\/\/www.europesays.com\/de\/550114\/","title":{"rendered":"A73: Volksverhetzendes Plakat auf Br\u00fccke entdeckt | Regional"},"content":{"rendered":"<p>Unbekannte haben ein Plakat mit volksverhetzendem Inhalt an einer Br\u00fccke der A73 aufgeh\u00e4ngt.<\/p>\n<p><b>Zwischen Freitagabend, dem 31.10.2025, und Samstagmorgen, dem 01.11.2025, befestigten die T\u00e4ter das Plakat an der Anschlussstelle Wendelstein in Fahrtrichtung AK N\u00fcrnberg-S\u00fcd.<\/b> Eine Streife der Verkehrspolizeiinspektion Feucht entdeckte es am Samstag gegen 9.15 Uhr.<\/p>\n<p>Das Plakat war mit einem Stahlseil und einem Vorh\u00e4ngeschloss gesichert und f\u00fcr Autofahrer gut sichtbar. Am Freitagabend gegen 18.00 Uhr war es noch nicht vorhanden.<\/p>\n<p>Die Schwabacher Kriminalpolizei, genauer das Kommissariat f\u00fcr Staatsschutz, ermittelt und sucht Zeugen. Wer auff\u00e4llige Personen auf der Br\u00fccke gesehen hat oder das Anbringen des Plakats beobachtet hat, soll sich unter der Telefonnummer 0911 2112-3333 melden.<\/p>\n","protected":false},"excerpt":{"rendered":"Unbekannte haben ein Plakat mit volksverhetzendem Inhalt an einer Br\u00fccke der A73 aufgeh\u00e4ngt. Zwischen Freitagabend, dem 31.10.2025, und&hellip;\n","protected":false},"author":2,"featured_media":549916,"comment_status":"","ping_status":"","sticky":false,"template":"","format":"standard","meta":{"footnotes":""},"categories":[1837],"tags":[772,3364,29,30,2509,3783,121,45,9026,1995],"class_list":{"0":"post-550114","1":"post","2":"type-post","3":"status-publish","4":"format-standard","5":"has-post-thumbnail","7":"category-nuernberg","8":"tag-bayern","9":"tag-de","10":"tag-deutschland","11":"tag-germany","12":"tag-ki-ots","13":"tag-nuernberg","14":"tag-polizei","15":"tag-texttospeech","16":"tag-vandalismus","17":"tag-verbrechen"},"share_on_mastodon":{"url":"https:\/\/pubeurope.com\/@de\/115491161203595034","error":""},"_links":{"self":[{"href":"https:\/\/www.europesays.com\/de\/wp-json\/wp\/v2\/posts\/550114","targetHints":{"allow":["GET"]}}],"collection":[{"href":"https:\/\/www.europesays.com\/de\/wp-json\/wp\/v2\/posts"}],"about":[{"href":"https:\/\/www.europesays.com\/de\/wp-json\/wp\/v2\/types\/post"}],"author":[{"embeddable":true,"href":"https:\/\/www.europesays.com\/de\/wp-json\/wp\/v2\/users\/2"}],"replies":[{"embeddable":true,"href":"https:\/\/www.europesays.com\/de\/wp-json\/wp\/v2\/comments?post=550114"}],"version-history":[{"count":0,"href":"https:\/\/www.europesays.com\/de\/wp-json\/wp\/v2\/posts\/550114\/revisions"}],"wp:featuredmedia":[{"embeddable":true,"href":"https:\/\/www.europesays.com\/de\/wp-json\/wp\/v2\/media\/549916"}],"wp:attachment":[{"href":"https:\/\/www.europesays.com\/de\/wp-json\/wp\/v2\/media?parent=550114"}],"wp:term":[{"taxonomy":"category","embeddable":true,"href":"https:\/\/www.europesays.com\/de\/wp-json\/wp\/v2\/categories?post=550114"},{"taxonomy":"post_tag","embeddable":true,"href":"https:\/\/www.europesays.com\/de\/wp-json\/wp\/v2\/tags?post=550114"}],"curies":[{"name":"wp","href":"https:\/\/api.w.org\/{rel}","templated":true}]}}