{"id":550605,"date":"2025-11-04T15:49:12","date_gmt":"2025-11-04T15:49:12","guid":{"rendered":"https:\/\/www.europesays.com\/de\/550605\/"},"modified":"2025-11-04T15:49:12","modified_gmt":"2025-11-04T15:49:12","slug":"polizei-findet-mutmasslichen-schuetzen-zu-versuchter-toetung","status":"publish","type":"post","link":"https:\/\/www.europesays.com\/de\/550605\/","title":{"rendered":"Polizei findet mutma\u00dflichen Sch\u00fctzen zu versuchter T\u00f6tung"},"content":{"rendered":"<p class=\"tspCCnc tspCCnd\">Mehrere Spezialeinsatzkr\u00e4fte der Berliner Polizei haben am Sonntagabend in Reinickendorf einen 24-J\u00e4hrigen festgenommen. Er soll am Abend des 22. Oktobers vor einem Supermarkt einen 45-J\u00e4hrigen niedergeschossen haben. Das teilt die Polizei am Dienstag mit.<\/p>\n<p class=\"tspCCnc\">Einer oder mehrere T\u00e4ter gaben <a href=\"https:\/\/www.tagesspiegel.de\/berlin\/polizei-fahndet-nach-schutzen-mann-vor-supermarkt-in-berlin-mariendorf-niedergeschossen--lebensgefahr-14636723.html?icid=in-text-link_14755046\" class=\"link link--internal\" data-gtm-class=\"article-text-link\" data-gtm-val=\"internal\" target=\"_blank\" rel=\"noopener\">am 22. Oktober vor einer Aldi-Filiale in Alt-Mariendorf<\/a>\u00a0mehrere Sch\u00fcsse ab, wodurch der 45-J\u00e4hrige lebensgef\u00e4hrlich verletzt worden sei, hie\u00df es in der damaligen Polizeimitteilung. Der Mann wurde in ein Krankenhaus gebracht und musste dort notoperiert werden. <\/p>\n<p><a href=\"http:\/\/checkpoint.tagesspiegel.de\/?icid=single-topic_14755046___\" data-gtm-class=\"article-mzt-link\" class=\"tspCKn0\" target=\"_blank\" rel=\"noopener\">Jeden Morgen ab 6 Uhr Herausgeber Lorenz Maroldt und sein Team berichten im Tagesspiegel-Newsletter Checkpoint \u00fcber Berlins Irrungen und Wirrungen. Hier kostenlos anmelden. <\/a><\/p>\n<p class=\"tspCCnc\">Der Festnahme gingen der Mitteilung zufolge umfangreiche Ermittlungen der zust\u00e4ndigen Mordkommission und der Zielfahndung des Berliner Landeskriminalamts voraus. Gegen 20.20 Uhr trafen die Beamten den Mann an der Markstra\u00dfe an, der sich den Angaben nach widerstandslos festnehmen lie\u00df. <\/p>\n<p> Mehr aus Berlin: <a href=\"https:\/\/www.tagesspiegel.de\/gesellschaft\/plotzlich-keine-erinnerung-wie-zeugen-in-deutschland-bedroht-werden--und-woher-kriminelle-ihre-adressen-haben-14376149.html?icid=topic-list_14755046___\" data-gtm-class=\"article-mzt-link\" class=\"tspCKn0\" target=\"_blank\" rel=\"noopener\">\u201ePl\u00f6tzlich keine Erinnerung\u201c Wie Zeugen in Deutschland bedroht werden \u2013 und woher Kriminelle die Adressen haben <\/a><a href=\"https:\/\/www.tagesspiegel.de\/wirtschaft\/wir-kommen-wieder-kokain-vapes-spielautomaten--unterwegs-mit-der-gewerbekontrolle-14159339.html?icid=topic-list_14755046___\" data-gtm-class=\"article-mzt-link\" class=\"tspCKn0\" target=\"_blank\" rel=\"noopener\">\u201eWir kommen wieder\u201c Kokain, Clan-Treffs, Spielautomaten \u2013 unterwegs mit der Gewerbekontrolle <\/a><a href=\"https:\/\/www.tagesspiegel.de\/berlin\/nach-blutigem-wochenende-welche-kriminellen-netzwerke-in-berlin-derzeit-um-einfluss-kampfen-14058149.html?icid=topic-list_14755046___\" data-gtm-class=\"article-mzt-link\" class=\"tspCKn0\" target=\"_blank\" rel=\"noopener\">Nach blutigem Wochenende Welche kriminellen Netzwerke in Berlin derzeit um Einfluss k\u00e4mpfen <\/a><\/p>\n<p class=\"tspCCnc\">Bei ihm fanden sie eine Schusswaffe. Ob es sich dabei um die Tatwaffe handelt, ist den Angaben nach Gegenstand der Ermittlungen. Noch am Dienstag wurde er einem Ermittlungsrichter vorgef\u00fchrt, der auf Antrag der Staatsanwaltschaft einen Haftbefehl gegen den Mann erlie\u00df.<\/p>\n","protected":false},"excerpt":{"rendered":"Mehrere Spezialeinsatzkr\u00e4fte der Berliner Polizei haben am Sonntagabend in Reinickendorf einen 24-J\u00e4hrigen festgenommen. Er soll am Abend des&hellip;\n","protected":false},"author":2,"featured_media":550606,"comment_status":"","ping_status":"","sticky":false,"template":"","format":"standard","meta":{"footnotes":""},"categories":[1825],"tags":[364,296,29,30],"class_list":{"0":"post-550605","1":"post","2":"type-post","3":"status-publish","4":"format-standard","5":"has-post-thumbnail","7":"category-berlin","8":"tag-aldi","9":"tag-berlin","10":"tag-deutschland","11":"tag-germany"},"share_on_mastodon":{"url":"https:\/\/pubeurope.com\/@de\/115492222738984692","error":""},"_links":{"self":[{"href":"https:\/\/www.europesays.com\/de\/wp-json\/wp\/v2\/posts\/550605","targetHints":{"allow":["GET"]}}],"collection":[{"href":"https:\/\/www.europesays.com\/de\/wp-json\/wp\/v2\/posts"}],"about":[{"href":"https:\/\/www.europesays.com\/de\/wp-json\/wp\/v2\/types\/post"}],"author":[{"embeddable":true,"href":"https:\/\/www.europesays.com\/de\/wp-json\/wp\/v2\/users\/2"}],"replies":[{"embeddable":true,"href":"https:\/\/www.europesays.com\/de\/wp-json\/wp\/v2\/comments?post=550605"}],"version-history":[{"count":0,"href":"https:\/\/www.europesays.com\/de\/wp-json\/wp\/v2\/posts\/550605\/revisions"}],"wp:featuredmedia":[{"embeddable":true,"href":"https:\/\/www.europesays.com\/de\/wp-json\/wp\/v2\/media\/550606"}],"wp:attachment":[{"href":"https:\/\/www.europesays.com\/de\/wp-json\/wp\/v2\/media?parent=550605"}],"wp:term":[{"taxonomy":"category","embeddable":true,"href":"https:\/\/www.europesays.com\/de\/wp-json\/wp\/v2\/categories?post=550605"},{"taxonomy":"post_tag","embeddable":true,"href":"https:\/\/www.europesays.com\/de\/wp-json\/wp\/v2\/tags?post=550605"}],"curies":[{"name":"wp","href":"https:\/\/api.w.org\/{rel}","templated":true}]}}